{"id":3577,"date":"2025-08-20T07:15:10","date_gmt":"2025-08-20T05:15:10","guid":{"rendered":"https:\/\/hirekegyhelyen.live\/napihirek\/?p=3577"},"modified":"2025-08-20T07:15:10","modified_gmt":"2025-08-20T05:15:10","slug":"most-jott-a-hir-a-2025-2026-os-oraatallitasrol","status":"publish","type":"post","link":"https:\/\/hirekegyhelyen.live\/napihirek\/most-jott-a-hir-a-2025-2026-os-oraatallitasrol\/","title":{"rendered":"Most j\u00f6tt a h\u00edr a 2025\u20132026-os \u00f3ra\u00e1t\u00e1ll\u00edt\u00e1sr\u00f3l"},"content":{"rendered":"<h3>2025. okt\u00f3ber 26-\u00e1n hajnalban 3:00-kor 2:00-ra \u00e1ll\u00edtjuk vissza az \u00f3r\u00e1kat. Egy \u00f3r\u00e1val tov\u00e1bb alhatunk, ugyanakkor hamarabb s\u00f6t\u00e9tedik majd. Az \u00e1t\u00e1ll\u00e1s n\u00e9h\u00e1ny napra felbor\u00edthatja az alv\u00e1sritmust, \u00e9s a menetrendek is ideiglenesen v\u00e1ltoznak. Az uni\u00f3s int\u00e9zm\u00e9nyek nem tudtak megegyezni a v\u00e9gleges szab\u00e1lyoz\u00e1sr\u00f3l! MUTATJUK HOGYAN K\u00c9SZ\u00dcLJ FEL!<\/h3>\n<h3><span style=\"color: #ff0000;\"><strong>A h\u00edr nem \u00e9rt v\u00e9get! Folytat\u00e1shoz haszn\u00e1ld a K\u00d6VETKEZ\u0150 OLDAL gombot!<\/strong><\/span><\/h3>\n<h3 style=\"text-align: right;\"><a href=\"https:\/\/hirekegyhelyen.live\/24infok\/?p=3577\" target=\"_blank\" rel=\"noopener\"><span style=\"color: #ff0000;\">&#8212;&gt;&gt; K\u00d6VETKEZ\u0150 OLDAL<\/span><\/a><\/h3>\n<p>&#8211;<\/p>\n<p>K\u00fcl\u00f6n figyelmet ford\u00edtottak az \u00fcl\u00e9sk\u00e1rpit kialak\u00edt\u00e1s\u00e1ra is, amely k\u00f6zvetlen\u00fcl mer\u00edt a 205 GTi 1.6 \u00e9s 1.9 literes v\u00e1ltozataib\u00f3l ismert st\u00edlusjegyekb\u0151l. Ezek a r\u00e9szletek nem csak d\u00edsz\u00edt\u0151elemek \u2013 finoman, de tudatosan id\u00e9zik meg a Peugeot GTi \u00f6r\u00f6ks\u00e9g\u00e9t, \u00e9s hozz\u00e1k el azt a modern korba, elektromos hajt\u00e1ssal kieg\u00e9sz\u00edtve.<\/p>\n<p>A vezet\u0151i k\u00f6rnyezet k\u00f6zponti eleme a Peugeot i-Cockpit rendszere, amelyet most \u00fajragondoltak, hogy jobban illeszkedjen a dinamikusabb vezet\u00e9si st\u00edlushoz. A digit\u00e1lis m\u0171szeregys\u00e9g kifejezetten a teljes\u00edtm\u00e9nyorient\u00e1lt vezet\u0151k sz\u00e1m\u00e1ra lett kialak\u00edtva: inform\u00e1ci\u00f3t ny\u00fajt az akkumul\u00e1tor hat\u00f3t\u00e1vols\u00e1g\u00e1r\u00f3l, a t\u00f6lt\u0151\u00e1llom\u00e1sok el\u00e9rhet\u0151s\u00e9g\u00e9r\u0151l, \u00e9s olyan adatokhoz is hozz\u00e1f\u00e9r\u00e9st biztos\u00edt, amelyek seg\u00edtenek a sportos, de hat\u00e9kony k\u00f6zleked\u00e9sben.<\/p>\n<p>Ugyanakkor a Peugeot-n\u00e1l tov\u00e1bbra is ragaszkodnak az i-Cockpit egyik legmegoszt\u00f3bb elem\u00e9hez, a rendk\u00edv\u00fcl alacsonyan elhelyezett kis m\u00e9ret\u0171 korm\u00e1nyker\u00e9khez. Ez a megold\u00e1s egyesek sz\u00e1m\u00e1ra kiv\u00e1l\u00f3 vezet\u00e9si \u00e9lm\u00e9nyt biztos\u00edt, m\u00edg m\u00e1sok k\u00e9nyelmetlennek tal\u00e1lj\u00e1k, mivel a m\u0171szerfal bizonyos pontjai eltakar\u00e1sra ker\u00fclhetnek, k\u00fcl\u00f6n\u00f6sen magasabb sof\u0151r\u00f6k eset\u00e9n.<\/p>\n<p>Az E-208 GTi egy olyan modell, amely nem puszt\u00e1n egy \u00fajabb elektromos v\u00e1rosi aut\u00f3. Ez egy tudatosan megtervezett, \u00e9rzelmekre hat\u00f3, t\u00f6rt\u00e9nelmi alapokra \u00e9p\u00fcl\u0151 sportmodell, amely a modern technol\u00f3gi\u00e1t \u00e9s a m\u00falt dics\u0151s\u00e9g\u00e9t \u00f6tv\u00f6zi, mik\u00f6zben egy \u00faj korszakot nyit a Peugeot GTi t\u00f6rt\u00e9net\u00e9ben \u2013 imm\u00e1r emisszi\u00f3mentesen, de a vezet\u00e9si \u00e9lm\u00e9nyb\u0151l mit sem engedve.<\/p>\n<p>A Peugeot Sport szak\u00e9rtelme \u00e1ll a l\u00e1tv\u00e1nyos \u00e1talakul\u00e1s m\u00f6g\u00f6tt, amely \u00faj szintre emeli a Peugeot E-208 GTi-t. Az aut\u00f3 nem csup\u00e1n n\u00e9h\u00e1ny kozmetikai m\u00f3dos\u00edt\u00e1son esett \u00e1t: a fejleszt\u00e9sek m\u00e9lyrehat\u00f3ak \u00e9s c\u00e9lzottak, minden egyes elem a teljes\u00edtm\u00e9ny fokoz\u00e1s\u00e1t \u00e9s a vezet\u00e9si \u00e9lm\u00e9ny maximaliz\u00e1l\u00e1s\u00e1t szolg\u00e1lja. A fut\u00f3m\u0171vet p\u00e9ld\u00e1ul 30 mm-rel alacsonyabbra \u00fcltett\u00e9k, a nyomt\u00e1vokat kisz\u00e9les\u00edtett\u00e9k, \u00e9s a teljes felf\u00fcggeszt\u00e9si rendszert \u00fajragondolt\u00e1k. Meger\u0151s\u00edtett kanyarstabiliz\u00e1torok, hidraulikus \u00fctk\u00f6z\u00e9sg\u00e1tl\u00f3s leng\u00e9scsillap\u00edt\u00f3k, \u00e9s mindenekel\u0151tt egy mechanikus, r\u00e9szlegesen \u00f6nz\u00e1r\u00f3 differenci\u00e1lm\u0171 is beker\u00fclt a csomagba \u2013 ezek egy\u00fctt garant\u00e1lj\u00e1k a kiv\u00e1l\u00f3 tapad\u00e1st, valamint a prec\u00edz \u00e9s k\u00f6zvetlen korm\u00e1nyz\u00e1st, m\u00e9g a legsz\u0171kebb kanyarokban is.<\/p>\n","protected":false},"excerpt":{"rendered":"<p>2025. okt\u00f3ber 26-\u00e1n hajnalban 3:00-kor 2:00-ra \u00e1ll\u00edtjuk vissza az \u00f3r\u00e1kat. Egy \u00f3r\u00e1val tov\u00e1bb alhatunk, ugyanakkor hamarabb s\u00f6t\u00e9tedik majd. Az \u00e1t\u00e1ll\u00e1s&#8230; <span class=\"gridview-grid-post-read-more\"><a href=\"https:\/\/hirekegyhelyen.live\/napihirek\/most-jott-a-hir-a-2025-2026-os-oraatallitasrol\/\">read more<span class=\"gridview-sr-only\"> Most j\u00f6tt a h\u00edr a 2025\u20132026-os \u00f3ra\u00e1t\u00e1ll\u00edt\u00e1sr\u00f3l<\/span><\/a><\/span><\/p>\n","protected":false},"author":1,"featured_media":3578,"comment_status":"open","ping_status":"open","sticky":false,"template":"","format":"standard","meta":{"footnotes":""},"categories":[1],"tags":[],"class_list":["post-3577","post","type-post","status-publish","format-standard","has-post-thumbnail","hentry","category-egyeb","wpcat-1-id"],"_links":{"self":[{"href":"https:\/\/hirekegyhelyen.live\/napihirek\/wp-json\/wp\/v2\/posts\/3577","targetHints":{"allow":["GET"]}}],"collection":[{"href":"https:\/\/hirekegyhelyen.live\/napihirek\/wp-json\/wp\/v2\/posts"}],"about":[{"href":"https:\/\/hirekegyhelyen.live\/napihirek\/wp-json\/wp\/v2\/types\/post"}],"author":[{"embeddable":true,"href":"https:\/\/hirekegyhelyen.live\/napihirek\/wp-json\/wp\/v2\/users\/1"}],"replies":[{"embeddable":true,"href":"https:\/\/hirekegyhelyen.live\/napihirek\/wp-json\/wp\/v2\/comments?post=3577"}],"version-history":[{"count":1,"href":"https:\/\/hirekegyhelyen.live\/napihirek\/wp-json\/wp\/v2\/posts\/3577\/revisions"}],"predecessor-version":[{"id":3579,"href":"https:\/\/hirekegyhelyen.live\/napihirek\/wp-json\/wp\/v2\/posts\/3577\/revisions\/3579"}],"wp:featuredmedia":[{"embeddable":true,"href":"https:\/\/hirekegyhelyen.live\/napihirek\/wp-json\/wp\/v2\/media\/3578"}],"wp:attachment":[{"href":"https:\/\/hirekegyhelyen.live\/napihirek\/wp-json\/wp\/v2\/media?parent=3577"}],"wp:term":[{"taxonomy":"category","embeddable":true,"href":"https:\/\/hirekegyhelyen.live\/napihirek\/wp-json\/wp\/v2\/categories?post=3577"},{"taxonomy":"post_tag","embeddable":true,"href":"https:\/\/hirekegyhelyen.live\/napihirek\/wp-json\/wp\/v2\/tags?post=3577"}],"curies":[{"name":"wp","href":"https:\/\/api.w.org\/{rel}","templated":true}]}}