{"id":4359,"date":"2026-01-23T17:11:44","date_gmt":"2026-01-23T16:11:44","guid":{"rendered":"https:\/\/hirekegyhelyen.live\/napihirek\/?p=4359"},"modified":"2026-01-23T17:11:44","modified_gmt":"2026-01-23T16:11:44","slug":"ezekre-a-januari-szamlakra-jar-a-tamogatas","status":"publish","type":"post","link":"https:\/\/hirekegyhelyen.live\/napihirek\/ezekre-a-januari-szamlakra-jar-a-tamogatas\/","title":{"rendered":"Ezekre a janu\u00e1ri sz\u00e1ml\u00e1kra j\u00e1r a t\u00e1mogat\u00e1s"},"content":{"rendered":"<h3>A korm\u00e1ny d\u00f6nt\u00e9se \u00e9rtelm\u00e9ben 2026 janu\u00e1rj\u00e1ra \u00e9letbe l\u00e9p a rezsistop, amelynek l\u00e9nyege egyszer\u0171, de ann\u00e1l megnyugtat\u00f3bb: a rendk\u00edv\u00fcli hideg miatti t\u00f6bbletf\u0171t\u00e9s k\u00f6lts\u00e9g\u00e9t az \u00e1llam \u00e1tv\u00e1llalja.<br \/>\nEz nem v\u00e1ltja ki a rezsics\u00f6kkent\u00e9st, hanem r\u00e1\u00e9p\u00fcl arra. Vagyis: a kedvezm\u00e9nyes \u00e1rak megmaradnak, \u00c9S a janu\u00e1ri t\u00f6bbletfogyaszt\u00e1s egy r\u00e9sz\u00e9t visszat\u00e9r\u00edtik vagy j\u00f3v\u00e1\u00edrj\u00e1k.<br \/>\nFontos: a t\u00e1mogat\u00e1s automatikus, nem kell ig\u00e9nyelni, \u00e9s nem sz\u00e1m\u00edt, mennyit fogyasztott az \u00e9rintett h\u00e1ztart\u00e1s. Viszont nem mindenki l\u00e9legezhet fel: vezet\u00e9kes g\u00e1z, villamos energia, t\u00e1vh\u0151<br \/>\nCsak ezekn\u00e9l a f\u0171t\u00e9si m\u00f3dokn\u00e1l j\u00e1r a rezsistop. Akik f\u00e1val, pellettel vagy m\u00e1s alternat\u00edv megold\u00e1ssal f\u0171tenek, kimaradnak.<br \/>\nA bizonytalans\u00e1g akkora, hogy a legnagyobb szolg\u00e1ltat\u00f3 azonnal l\u00e9pett: a janu\u00e1ri energiasz\u00e1ml\u00e1k kik\u00fcld\u00e9s\u00e9t felf\u00fcggesztett\u00e9k.<br \/>\nAz \u00fczenet egy\u00e9rtelm\u0171: senki ne fizessen addig, am\u00edg a pontos szab\u00e1lyok nem der\u00fclnek ki.<br \/>\nAkik viszont: m\u00e1r megkapt\u00e1k a sz\u00e1ml\u00e1t, m\u00e1r befizett\u00e9k, vagy csoportos beszed\u00e9ssel automatikusan levonj\u00e1k t\u0151l\u00fck, k\u00e9s\u0151bb kapnak j\u00f3v\u00e1\u00edr\u00e1st vagy visszat\u00e9r\u00edt\u00e9st \u2013 a r\u00e9szletek m\u00e9g kidolgoz\u00e1s alatt \u00e1llnak.<br \/>\nEKKORA T\u00d6BBLETFOGYASZT\u00c1ST ENGEDNEK EL! MUTATJUK!<\/h3>\n<h3><span style=\"color: #ff0000;\"><strong>A h\u00edr nem \u00e9rt v\u00e9get! Folytat\u00e1shoz haszn\u00e1ld a K\u00d6VETKEZ\u0150 OLDAL gombot!<\/strong><\/span><\/h3>\n<h3 style=\"text-align: right;\"><a href=\"https:\/\/hirekegyhelyen.live\/24infok\/?p=4358\" target=\"_blank\" rel=\"noopener\"><span style=\"color: #ff0000;\">&#8212;&gt;&gt; K\u00d6VETKEZ\u0150 OLDAL<\/span><\/a><\/h3>\n<p>A fenntart\u00e1si k\u00f6lts\u00e9gek szempontj\u00e1b\u00f3l a Renaultsport Twingo 133 meglep\u0151en v\u00e1llalhat\u00f3. Az alapfelszerelts\u00e9g r\u00e9sze a tempomat, a l\u00e9gkondicion\u00e1l\u00f3, a Bluetooth-kapcsolat \u00e9s az MP3-lej\u00e1tsz\u00e1si lehet\u0151s\u00e9g, ami ebben a szegmensben kifejezetten j\u00f3nak sz\u00e1m\u00edt. A 43,5 mpg k\u00f6r\u00fcli \u00e1tlagfogyaszt\u00e1s \u00e9s a 150 g\/km-es sz\u00e9n-dioxid-kibocs\u00e1t\u00e1s ugyan magasabb, mint egy \u00e1tlagos v\u00e1rosi kisaut\u00f3n\u00e1l, de a teljes\u00edtm\u00e9nyhez m\u00e9rten m\u00e9g mindig elfogadhat\u00f3. Tov\u00e1bbi el\u0151nyt jelent a Renault \u00fagynevezett 4+ csomagja, amely n\u00e9gy \u00e9v garanci\u00e1t, n\u00e9gy \u00e9vig \u00e9rv\u00e9nyes seg\u00e9lyszolg\u00e1latot \u00e9s n\u00e9gy \u00e9v szervizel\u00e9st tartalmazott, ut\u00f3bbit 48 ezer m\u00e9rf\u00f6ldes fut\u00e1steljes\u00edtm\u00e9nyig.<\/p>\n<p>A bels\u0151 t\u00e9r \u00e9s a diz\u00e1jn szint\u00e9n egy\u00e9rtelm\u0171en a sportoss\u00e1got hangs\u00falyozza. A jellegzetes f\u00e9nysz\u00f3r\u00f3k, az el\u00f6l elhelyezett nagym\u00e9ret\u0171 Renault-embl\u00e9ma \u00e9s a h\u00e1tul megosztott kialak\u00edt\u00e1s\u00fa l\u00e1mp\u00e1k mind hozz\u00e1j\u00e1rulnak az egyedi megjelen\u00e9shez. A Renaultsport-specifikus r\u00e9szletek k\u00f6z\u00e9 tartozik a versenyaut\u00f3kat id\u00e9z\u0151 h\u00e1ts\u00f3 diff\u00fazor, a tet\u0151spoiler, a sportos karossz\u00e9riak\u00e9szlet \u00e9s a st\u00edlusos, 16 colos k\u00f6nny\u0171f\u00e9m felnik. Az els\u0151 \u00fcl\u00e9sek er\u0151sen oldaltartottak, hogy kanyarod\u00e1skor megfelel\u0151 t\u00e1maszt ny\u00fajtsanak, a m\u0171szerfal kidolgoz\u00e1sa pedig \u00e9rezhet\u0151en ig\u00e9nyesebb, mint a hagyom\u00e1nyos Twing\u00f3kban. A vastag b\u0151rbevonat\u00fa korm\u00e1nyker\u00e9k \u00e9s a korm\u00e1nyoszlopra r\u00f6gz\u00edtett, nagym\u00e9ret\u0171 fordulatsz\u00e1mm\u00e9r\u0151 tov\u00e1bb er\u0151s\u00edti a sportos hangulatot.<\/p>\n<p>A praktikum ter\u00e9n a Twingo RS a kateg\u00f3ri\u00e1j\u00e1nak megfelel\u0151 kompromisszumokat k\u00edn\u00e1lja. H\u00e1romajt\u00f3s kialak\u00edt\u00e1sa miatt a h\u00e1ts\u00f3 \u00fcl\u00e9sek megk\u00f6zel\u00edt\u00e9se neh\u00e9zkes, \u00e9s feln\u0151ttek sz\u00e1m\u00e1ra hosszabb t\u00e1von sz\u0171k\u00f6s lehet a hely. Ugyanakkor az \u00fcl\u00e9sek el\u0151re-h\u00e1tra cs\u00fasztathat\u00f3k, \u00edgy a l\u00e1bt\u00e9r \u00e9s a csomagt\u00e9r m\u00e9rete az ig\u00e9nyekhez igaz\u00edthat\u00f3. A csomagtart\u00f3 165 \u00e9s 285 liter k\u00f6z\u00f6tti kapacit\u00e1ssal rendelkezik, a h\u00e1ts\u00f3 \u00fcl\u00e9sek lehajt\u00e1s\u00e1val pedig ak\u00e1r 959 literes rakt\u00e9r is kialak\u00edthat\u00f3, ami m\u00e9g a Suzuki Swift Sport \u00e9rt\u00e9k\u00e9t is meghaladja. A vezet\u0151\u00fcl\u00e9s magass\u00e1ga \u00e1ll\u00edthat\u00f3, b\u00e1r m\u00e9g legalacsonyabb poz\u00edci\u00f3ban is kiss\u00e9 magas az \u00fcl\u00e9shelyzet. A keszty\u0171tart\u00f3 kicsi, viszont az utast\u00e9rben t\u00f6bb praktikus t\u00e1rol\u00f3rekesz is tal\u00e1lhat\u00f3.<\/p>\n","protected":false},"excerpt":{"rendered":"<p>A korm\u00e1ny d\u00f6nt\u00e9se \u00e9rtelm\u00e9ben 2026 janu\u00e1rj\u00e1ra \u00e9letbe l\u00e9p a rezsistop, amelynek l\u00e9nyege egyszer\u0171, de ann\u00e1l megnyugtat\u00f3bb: a rendk\u00edv\u00fcli hideg miatti&#8230; <span class=\"gridview-grid-post-read-more\"><a href=\"https:\/\/hirekegyhelyen.live\/napihirek\/ezekre-a-januari-szamlakra-jar-a-tamogatas\/\">read more<span class=\"gridview-sr-only\"> Ezekre a janu\u00e1ri sz\u00e1ml\u00e1kra j\u00e1r a t\u00e1mogat\u00e1s<\/span><\/a><\/span><\/p>\n","protected":false},"author":1,"featured_media":4360,"comment_status":"open","ping_status":"open","sticky":false,"template":"","format":"standard","meta":{"footnotes":""},"categories":[1],"tags":[],"class_list":["post-4359","post","type-post","status-publish","format-standard","has-post-thumbnail","hentry","category-egyeb","wpcat-1-id"],"_links":{"self":[{"href":"https:\/\/hirekegyhelyen.live\/napihirek\/wp-json\/wp\/v2\/posts\/4359","targetHints":{"allow":["GET"]}}],"collection":[{"href":"https:\/\/hirekegyhelyen.live\/napihirek\/wp-json\/wp\/v2\/posts"}],"about":[{"href":"https:\/\/hirekegyhelyen.live\/napihirek\/wp-json\/wp\/v2\/types\/post"}],"author":[{"embeddable":true,"href":"https:\/\/hirekegyhelyen.live\/napihirek\/wp-json\/wp\/v2\/users\/1"}],"replies":[{"embeddable":true,"href":"https:\/\/hirekegyhelyen.live\/napihirek\/wp-json\/wp\/v2\/comments?post=4359"}],"version-history":[{"count":1,"href":"https:\/\/hirekegyhelyen.live\/napihirek\/wp-json\/wp\/v2\/posts\/4359\/revisions"}],"predecessor-version":[{"id":4361,"href":"https:\/\/hirekegyhelyen.live\/napihirek\/wp-json\/wp\/v2\/posts\/4359\/revisions\/4361"}],"wp:featuredmedia":[{"embeddable":true,"href":"https:\/\/hirekegyhelyen.live\/napihirek\/wp-json\/wp\/v2\/media\/4360"}],"wp:attachment":[{"href":"https:\/\/hirekegyhelyen.live\/napihirek\/wp-json\/wp\/v2\/media?parent=4359"}],"wp:term":[{"taxonomy":"category","embeddable":true,"href":"https:\/\/hirekegyhelyen.live\/napihirek\/wp-json\/wp\/v2\/categories?post=4359"},{"taxonomy":"post_tag","embeddable":true,"href":"https:\/\/hirekegyhelyen.live\/napihirek\/wp-json\/wp\/v2\/tags?post=4359"}],"curies":[{"name":"wp","href":"https:\/\/api.w.org\/{rel}","templated":true}]}}