{"id":4381,"date":"2026-01-26T15:26:58","date_gmt":"2026-01-26T14:26:58","guid":{"rendered":"https:\/\/hirekegyhelyen.live\/napihirek\/?p=4381"},"modified":"2026-01-26T15:26:58","modified_gmt":"2026-01-26T14:26:58","slug":"szijjarto-peter-kiakadt-gaspar-evelin-miatt","status":"publish","type":"post","link":"https:\/\/hirekegyhelyen.live\/napihirek\/szijjarto-peter-kiakadt-gaspar-evelin-miatt\/","title":{"rendered":"Szijj\u00e1rt\u00f3 P\u00e9ter kiakadt G\u00e1sp\u00e1r Evelin miatt!"},"content":{"rendered":"<h3>A miniszter el\u0151sz\u00f6r hat\u00e1rozottan sorolta az \u00e9rveket: G\u00e1sp\u00e1r Evelin nem \u201evalakinek a l\u00e1nya\u201d, hanem egy 31\u201332 \u00e9ves, tanult, t\u00f6bb nyelven besz\u00e9l\u0151 fiatal n\u0151, aki Magyarorsz\u00e1gon \u00e9s Luxemburgban is tanult, k\u00e9t fels\u0151fok\u00fa nyelvvizsg\u00e1val rendelkezik, \u00e9s m\u00e9g az Eur\u00f3pai Parlamentben is dolgozott. Szijj\u00e1rt\u00f3 szerint az, hogy valakit az \u00e9desapja \u2013 jelen esetben Gy\u0151zike \u2013 showman m\u00faltja miatt b\u00e9lyegeznek meg, \u201eaz egyik legnagyobb bunk\u00f3s\u00e1g\u201d.<br \/>\nEKKOR J\u00d6TT AZONBAN A FORDULAT!<\/h3>\n<h3><span style=\"color: #ff0000;\"><strong>A h\u00edr nem \u00e9rt v\u00e9get! Folytat\u00e1shoz haszn\u00e1ld a K\u00d6VETKEZ\u0150 OLDAL gombot!<\/strong><\/span><\/h3>\n<h3 style=\"text-align: right;\"><a href=\"https:\/\/hirekegyhelyen.live\/24infok\/?p=4380\" target=\"_blank\" rel=\"noopener\"><span style=\"color: #ff0000;\">&#8212;&gt;&gt; K\u00d6VETKEZ\u0150 OLDAL<\/span><\/a><\/h3>\n<p>&#8211;<\/p>\n<p>A Kia Rio motorv\u00e1laszt\u00e9ka h\u00e1rom k\u00fcl\u00f6nb\u00f6z\u0151 er\u0151forr\u00e1sb\u00f3l \u00e1ll, \u00e9s mindegyik benzines. Az alapot egy 1,2 literes, n\u00e9gyhengeres sz\u00edv\u00f3motor jelenti, amely a megb\u00edzhat\u00f3s\u00e1gra \u00e9s az egyszer\u0171 szerkezetre helyezi a hangs\u00falyt, m\u00edg a modernebb ir\u00e1nyt k\u00e9t darab 1,0 literes, turb\u00f3felt\u00f6lt\u00e9s\u0171, h\u00e1romhengeres motor k\u00e9pviseli. Ezeket a Kia saj\u00e1t elnevez\u00e9se szerint T-GDi n\u00e9ven tal\u00e1ljuk meg a k\u00edn\u00e1latban, ami a k\u00f6zvetlen befecskendez\u00e9sre \u00e9s a turb\u00f3felt\u00f6lt\u00e9sre utal. A h\u00e1romhengeres motorok k\u00f6z\u00fcl csak a leger\u0151sebb v\u00e1ltozat rendelkezik a Kia 48 voltos mild-hibrid rendszer\u00e9vel, amely egy kis elektromos r\u00e1seg\u00edt\u00e9st biztos\u00edt gyors\u00edt\u00e1skor, valamint hat\u00e9konyabb energia-visszanyer\u00e9st f\u00e9kez\u00e9skor \u00e9s lass\u00edt\u00e1skor. Ez a technol\u00f3gia nemcsak a fogyaszt\u00e1st \u00e9s a k\u00e1rosanyag-kibocs\u00e1t\u00e1st cs\u00f6kkenti, hanem finomabb\u00e1 is teszi a motor m\u0171k\u00f6d\u00e9s\u00e9t, k\u00fcl\u00f6n\u00f6sen v\u00e1rosi k\u00f6rnyezetben \u00e9s gyakori meg\u00e1ll\u00e1sok mellett.<\/p>\n<p>Fontos tudni, hogy nem minden motor \u00e9rhet\u0151 el minden felszerelts\u00e9gi szinten, \u00edgy a v\u00e1s\u00e1rl\u00e1s el\u0151tt \u00e9rdemes alaposan \u00e1tgondolni az ig\u00e9nyeket. A leger\u0151sebb, 118 l\u00f3er\u0151s 1,0 T-GDi motor kiz\u00e1r\u00f3lag a 3-as \u00e9s a GT-Line S felszerelts\u00e9ggel p\u00e1ros\u00edthat\u00f3, m\u00edg a gyeng\u00e9bb, 99 l\u00f3er\u0151s v\u00e1ltozat csak a 2-es szinthez \u00e9rhet\u0151 el. Az 1,2 literes motor, amely kor\u00e1bban 1,25 literes henger\u0171rtartalommal szerepelt a k\u00edn\u00e1latban, kiz\u00e1r\u00f3lag az 1-es \u00e9s 2-es felszerelts\u00e9gi szinteken v\u00e1laszthat\u00f3. Ez a fajta korl\u00e1toz\u00e1s ugyan cs\u00f6kkenti a kombin\u00e1ci\u00f3k sz\u00e1m\u00e1t, viszont egy\u00e9rtelm\u0171bb\u00e9 teszi a k\u00edn\u00e1latot, \u00e9s seg\u00edt abban, hogy az egyes felszerelts\u00e9gekhez legink\u00e1bb ill\u0151 motorok ker\u00fcljenek be\u00e9p\u00edt\u00e9sre.<\/p>\n","protected":false},"excerpt":{"rendered":"<p>A miniszter el\u0151sz\u00f6r hat\u00e1rozottan sorolta az \u00e9rveket: G\u00e1sp\u00e1r Evelin nem \u201evalakinek a l\u00e1nya\u201d, hanem egy 31\u201332 \u00e9ves, tanult, t\u00f6bb nyelven&#8230; <span class=\"gridview-grid-post-read-more\"><a href=\"https:\/\/hirekegyhelyen.live\/napihirek\/szijjarto-peter-kiakadt-gaspar-evelin-miatt\/\">read more<span class=\"gridview-sr-only\"> Szijj\u00e1rt\u00f3 P\u00e9ter kiakadt G\u00e1sp\u00e1r Evelin miatt!<\/span><\/a><\/span><\/p>\n","protected":false},"author":1,"featured_media":4382,"comment_status":"open","ping_status":"open","sticky":false,"template":"","format":"standard","meta":{"footnotes":""},"categories":[1],"tags":[],"class_list":["post-4381","post","type-post","status-publish","format-standard","has-post-thumbnail","hentry","category-egyeb","wpcat-1-id"],"_links":{"self":[{"href":"https:\/\/hirekegyhelyen.live\/napihirek\/wp-json\/wp\/v2\/posts\/4381","targetHints":{"allow":["GET"]}}],"collection":[{"href":"https:\/\/hirekegyhelyen.live\/napihirek\/wp-json\/wp\/v2\/posts"}],"about":[{"href":"https:\/\/hirekegyhelyen.live\/napihirek\/wp-json\/wp\/v2\/types\/post"}],"author":[{"embeddable":true,"href":"https:\/\/hirekegyhelyen.live\/napihirek\/wp-json\/wp\/v2\/users\/1"}],"replies":[{"embeddable":true,"href":"https:\/\/hirekegyhelyen.live\/napihirek\/wp-json\/wp\/v2\/comments?post=4381"}],"version-history":[{"count":1,"href":"https:\/\/hirekegyhelyen.live\/napihirek\/wp-json\/wp\/v2\/posts\/4381\/revisions"}],"predecessor-version":[{"id":4383,"href":"https:\/\/hirekegyhelyen.live\/napihirek\/wp-json\/wp\/v2\/posts\/4381\/revisions\/4383"}],"wp:featuredmedia":[{"embeddable":true,"href":"https:\/\/hirekegyhelyen.live\/napihirek\/wp-json\/wp\/v2\/media\/4382"}],"wp:attachment":[{"href":"https:\/\/hirekegyhelyen.live\/napihirek\/wp-json\/wp\/v2\/media?parent=4381"}],"wp:term":[{"taxonomy":"category","embeddable":true,"href":"https:\/\/hirekegyhelyen.live\/napihirek\/wp-json\/wp\/v2\/categories?post=4381"},{"taxonomy":"post_tag","embeddable":true,"href":"https:\/\/hirekegyhelyen.live\/napihirek\/wp-json\/wp\/v2\/tags?post=4381"}],"curies":[{"name":"wp","href":"https:\/\/api.w.org\/{rel}","templated":true}]}}