{"id":4384,"date":"2026-01-26T16:22:26","date_gmt":"2026-01-26T15:22:26","guid":{"rendered":"https:\/\/hirekegyhelyen.live\/napihirek\/?p=4384"},"modified":"2026-01-26T16:22:26","modified_gmt":"2026-01-26T15:22:26","slug":"ennyivel-lesz-kevesebb-a-futes-januarban","status":"publish","type":"post","link":"https:\/\/hirekegyhelyen.live\/napihirek\/ennyivel-lesz-kevesebb-a-futes-januarban\/","title":{"rendered":"Ennyivel lesz kevesebb a f\u0171t\u00e9s janu\u00e1rban!"},"content":{"rendered":"<h3>Hogy pontosan mit jelent ez a gyakorlatban, sok\u00e1ig hom\u00e1ly fedte. Lantos Csaba energia\u00fcgyi miniszter a rezsistop munkacsoport \u00fcl\u00e9se ut\u00e1n el\u00e1rulta:<br \/>\n\u201eMindenki sz\u00e1m\u00e1ra fair megold\u00e1st keres\u00fcnk.\u201d<br \/>\nA miniszter hangs\u00falyozta: az az elv vez\u00e9rli \u0151ket, hogy aki g\u00e1zzal vagy t\u00e1vh\u0151vel f\u0171t, hasonl\u00f3 m\u00e9rt\u00e9k\u0171 egyszeri kedvezm\u00e9nyben r\u00e9szes\u00fclj\u00f6n. A gond csak az volt, hogy janu\u00e1r m\u00e9g nem \u00e9rt v\u00e9get, \u00edgy \u2013 elmond\u00e1sa szerint \u2013 nem \u00e1lltak rendelkez\u00e9sre v\u00e9gleges adatok a fogyaszt\u00e1s n\u00f6veked\u00e9s\u00e9r\u0151l.<br \/>\nMUTATJUK KI MENNYI KOMPENZ\u00c1CI\u00d3T KAPHAT:<\/h3>\n<h3><span style=\"color: #ff0000;\"><strong>A h\u00edr nem \u00e9rt v\u00e9get! Folytat\u00e1shoz haszn\u00e1ld a K\u00d6VETKEZ\u0150 OLDAL gombot!<\/strong><\/span><\/h3>\n<h3 style=\"text-align: right;\"><a href=\"https:\/\/hirekegyhelyen.live\/24infok\/?p=4383\" target=\"_blank\" rel=\"noopener\"><span style=\"color: #ff0000;\">&#8212;&gt;&gt; K\u00d6VETKEZ\u0150 OLDAL<\/span><\/a><\/h3>\n<p>M\u0171szaki \u00e9rtelemben a k\u00e9t modell nagyon k\u00f6zel \u00e1ll egym\u00e1shoz: mindkett\u0151 261 l\u00f3er\u0151 k\u00f6r\u00fcli rendszerteljes\u00edtm\u00e9nyt ad, az akkumul\u00e1tor m\u00e9rete \u00e9s az elektromos hat\u00f3t\u00e1v alapvet\u0151en megegyezik, \u00e9s a fogyaszt\u00e1si \u00e9s emisszi\u00f3s adatok is nagyon hasonl\u00f3ak. A teszt szerint a Sportage plug-in hibrid val\u00f3s tesztfogyaszt\u00e1sa a m\u00e9r\u00e9sek alapj\u00e1n kb. 44,6 mpg (\u2248 6,3 l\/100 km vegyes fogyaszt\u00e1s), CO\u2082-kibocs\u00e1t\u00e1sa 25 g\/km, \u00e9s \u00e9ves \u00fczemanyag-k\u00f6lts\u00e9geire sz\u00e1m\u00edtva az aut\u00f3 versenyk\u00e9pes marad ebben a szegmensben.<\/p>\n<p>Az Auto Express cikke arra is kit\u00e9r, hogy b\u00e1r nagyon kev\u00e9s a k\u00fcl\u00f6nbs\u00e9g a k\u00e9t aut\u00f3 k\u00f6z\u00f6tt, a Sportage PHEV-t v\u00e9g\u00fcl marginalisan jobbnak tal\u00e1lt\u00e1k, mert t\u00f6bb dologban \u201cegy picivel kedvez\u0151bb\u201d volt: a Sportage elektromos hat\u00f3t\u00e1vja szer\u00e9nyen nagyobb volt, a m\u0171szerfal-elrendez\u00e9s felhaszn\u00e1l\u00f3-bar\u00e1tabb, az alapvet\u0151 felszerelts\u00e9g valamivel gazdagabb volt az azonos szinten, \u00e9s c\u00e9gesaut\u00f3-k\u00f6lts\u00e9gekben is kedvez\u0151bbnek t\u0171nt.<\/p>\n<p>A Tucson PHEV ezzel szemben nem marad el sokkal: a Hyundai modell ugyanazt a hajt\u00e1sl\u00e1ncot \u00e9s platformot haszn\u00e1lja, \u00e9s n\u00e9h\u00e1ny ter\u00fcleten el\u0151nyt mutat. P\u00e9ld\u00e1ul a csomagt\u00e9r m\u00e9rete a Tucson eset\u00e9ben n\u00e9mileg nagyobb, \u00edgy gyakorlati csal\u00e1di haszn\u00e1lat sor\u00e1n t\u00f6bb hely marad a csomagoknak. Emellett egyes v\u00e1s\u00e1rl\u00f3k egyszer\u0171en jobban kedvelhetik a Hyundai form\u00e1j\u00e1t vagy r\u00e9szletekben elt\u00e9r\u0151 design-megold\u00e1sait, ami szubjekt\u00edv szempontb\u00f3l el\u0151nyt adhat neki.<\/p>\n<p>Fontos megjegyezni, hogy a t\u00e9nyleges haszn\u00e1lati \u00e9lm\u00e9ny mindk\u00e9t aut\u00f3 eset\u00e9ben kiegyens\u00falyozott: ezek plug-in hibrid SUV-ok, amelyek r\u00f6vid elektromos hat\u00f3t\u00e1vra k\u00e9pesek mindennapi v\u00e1rosi ing\u00e1z\u00e1shoz (tipikusan n\u00e9h\u00e1ny tucat kilom\u00e9ter elektromos \u00fczemre), mik\u00f6zben a hagyom\u00e1nyos bels\u0151 \u00e9g\u00e9s\u0171 motor beindul\u00e1sa n\u00e9lk\u00fcl\u00f6zhetetlen hosszabb utakhoz vagy magasabb terhel\u00e9s eset\u00e9n. A hat\u00f3t\u00e1v jellege PHEV-n\u00e9l mindig kompromisszum: ha az akkumul\u00e1tort rendszeresen t\u00f6lt\u00f6d \u00e9s r\u00f6vid, napi utakra haszn\u00e1lod, kevesebb benzint fogyasztasz, de hosszabb orsz\u00e1g\u00fati szakaszokon a bels\u0151 \u00e9g\u00e9s\u0171 motor szinte folyamatosan dolgozik<\/p>\n","protected":false},"excerpt":{"rendered":"<p>Hogy pontosan mit jelent ez a gyakorlatban, sok\u00e1ig hom\u00e1ly fedte. Lantos Csaba energia\u00fcgyi miniszter a rezsistop munkacsoport \u00fcl\u00e9se ut\u00e1n el\u00e1rulta:&#8230; <span class=\"gridview-grid-post-read-more\"><a href=\"https:\/\/hirekegyhelyen.live\/napihirek\/ennyivel-lesz-kevesebb-a-futes-januarban\/\">read more<span class=\"gridview-sr-only\"> Ennyivel lesz kevesebb a f\u0171t\u00e9s janu\u00e1rban!<\/span><\/a><\/span><\/p>\n","protected":false},"author":1,"featured_media":4385,"comment_status":"open","ping_status":"open","sticky":false,"template":"","format":"standard","meta":{"footnotes":""},"categories":[1],"tags":[],"class_list":["post-4384","post","type-post","status-publish","format-standard","has-post-thumbnail","hentry","category-egyeb","wpcat-1-id"],"_links":{"self":[{"href":"https:\/\/hirekegyhelyen.live\/napihirek\/wp-json\/wp\/v2\/posts\/4384","targetHints":{"allow":["GET"]}}],"collection":[{"href":"https:\/\/hirekegyhelyen.live\/napihirek\/wp-json\/wp\/v2\/posts"}],"about":[{"href":"https:\/\/hirekegyhelyen.live\/napihirek\/wp-json\/wp\/v2\/types\/post"}],"author":[{"embeddable":true,"href":"https:\/\/hirekegyhelyen.live\/napihirek\/wp-json\/wp\/v2\/users\/1"}],"replies":[{"embeddable":true,"href":"https:\/\/hirekegyhelyen.live\/napihirek\/wp-json\/wp\/v2\/comments?post=4384"}],"version-history":[{"count":1,"href":"https:\/\/hirekegyhelyen.live\/napihirek\/wp-json\/wp\/v2\/posts\/4384\/revisions"}],"predecessor-version":[{"id":4386,"href":"https:\/\/hirekegyhelyen.live\/napihirek\/wp-json\/wp\/v2\/posts\/4384\/revisions\/4386"}],"wp:featuredmedia":[{"embeddable":true,"href":"https:\/\/hirekegyhelyen.live\/napihirek\/wp-json\/wp\/v2\/media\/4385"}],"wp:attachment":[{"href":"https:\/\/hirekegyhelyen.live\/napihirek\/wp-json\/wp\/v2\/media?parent=4384"}],"wp:term":[{"taxonomy":"category","embeddable":true,"href":"https:\/\/hirekegyhelyen.live\/napihirek\/wp-json\/wp\/v2\/categories?post=4384"},{"taxonomy":"post_tag","embeddable":true,"href":"https:\/\/hirekegyhelyen.live\/napihirek\/wp-json\/wp\/v2\/tags?post=4384"}],"curies":[{"name":"wp","href":"https:\/\/api.w.org\/{rel}","templated":true}]}}