{"id":4387,"date":"2026-01-26T20:03:56","date_gmt":"2026-01-26T19:03:56","guid":{"rendered":"https:\/\/hirekegyhelyen.live\/napihirek\/?p=4387"},"modified":"2026-01-26T20:03:56","modified_gmt":"2026-01-26T19:03:56","slug":"hatalmas-felmelegedes-erkezik","status":"publish","type":"post","link":"https:\/\/hirekegyhelyen.live\/napihirek\/hatalmas-felmelegedes-erkezik\/","title":{"rendered":"Hatalmas felmeleged\u00e9s \u00e9rkezik"},"content":{"rendered":"<h3>A szakemberek szerint a 2026-os \u00e9v nemcsak Magyarorsz\u00e1gon, hanem glob\u00e1lis szinten is az emberis\u00e9g t\u00f6rt\u00e9net\u00e9nek egyik \u2013 ha nem a \u2013 legmelegebb esztendeje lehet. Ez pedig nem csup\u00e1n egy szokatlanul enyhe nyarat jelenthet, hanem egy extr\u00e9m, rekordokkal \u00e9s sz\u00e9ls\u0151s\u00e9gekkel teli id\u0151szakot. Mi\u00e9rt ilyen hideg most a t\u00e9l? A K\u00e1rp\u00e1t-medenc\u00e9be jelenleg sarkvid\u00e9ki eredet\u0171 l\u00e9gt\u00f6megek \u00e1ramlanak be, amelyeket a Szib\u00e9ria fel\u0151l \u00e9rkez\u0151 fagyos leveg\u0151 tov\u00e1bb er\u0151s\u00edt. Ez a kombin\u00e1ci\u00f3 az oka annak, hogy az orsz\u00e1g nagy r\u00e9sz\u00e9n tart\u00f3s, kem\u00e9ny fagyok alakultak ki. MUTATJUK A R\u00c9SZLETEKET!<\/h3>\n<h3><span style=\"color: #ff0000;\"><strong>A h\u00edr nem \u00e9rt v\u00e9get! Folytat\u00e1shoz haszn\u00e1ld a K\u00d6VETKEZ\u0150 OLDAL gombot!<\/strong><\/span><\/h3>\n<h3 style=\"text-align: right;\"><a href=\"https:\/\/hirekegyhelyen.live\/24infok\/?p=4386\" target=\"_blank\" rel=\"noopener\"><span style=\"color: #ff0000;\">&#8212;&gt;&gt; K\u00d6VETKEZ\u0150 OLDAL<\/span><\/a><\/h3>\n<p>&#8211;<\/p>\n<p>Az EV5 zajcsillap\u00edt\u00e1sa is figyelemre m\u00e9lt\u00f3: a sz\u00e9l- \u00e9s g\u00f6rd\u00fcl\u00e9si zaj minim\u00e1lis, ami lehet\u0151v\u00e9 teszi, hogy a vezet\u0151 \u00e9s az utasok zavartalanul besz\u00e9lgethessenek, vagy a kedvenc zen\u00e9j\u00fcket \u00e9lvezhess\u00e9k an\u00e9lk\u00fcl, hogy a j\u00e1rm\u0171 m\u0171k\u00f6d\u00e9se t\u00falzottan a figyelmet elvinn\u00e9. A kl\u00edmaberendez\u00e9s csendes, hat\u00e9kony, \u00e9s az utast\u00e9r h\u0151m\u00e9rs\u00e9klet\u00e9t egyenletesen tartja, \u00edgy a komfort\u00e9rzet minden helyzetben megmarad.<\/p>\n<p>A vezet\u00e9si \u00e9lm\u00e9ny kiegyens\u00falyozott: az EV5 nem az a t\u00edpus\u00fa aut\u00f3, amely hirtelen rugalmass\u00e1g\u00e1val vagy brut\u00e1lis gyorsul\u00e1s\u00e1val h\u00edvja fel mag\u00e1ra a figyelmet, hanem ink\u00e1bb a kisz\u00e1m\u00edthat\u00f3s\u00e1g\u00e1val \u00e9s a biztons\u00e1g\u00e9rzet\u00e9vel. Kanyarod\u00e1s k\u00f6zben az aut\u00f3 stabil, a karossz\u00e9ria nem billeg t\u00falzottan, a fut\u00f3m\u0171 megfelel\u0151en reag\u00e1l a k\u00fcl\u00f6nb\u00f6z\u0151 \u00fatfel\u00fcletekre, \u00e9s m\u00e9g a 19 h\u00fcvelykes kerekek sem rontanak a komfort\u00e9rzeten. Ez a kombin\u00e1ci\u00f3 k\u00fcl\u00f6n\u00f6sen el\u0151ny\u00f6s azok sz\u00e1m\u00e1ra, akik gyakran utaznak csal\u00e1ddal vagy hosszabb \u00fatvonalakon, ahol a vezet\u0151 \u00e9s az utasok nyugalma \u00e9s biztons\u00e1ga kiemelten fontos.<\/p>\n<p>Az EV5 hat\u00f3t\u00e1vols\u00e1ga \u00e9s energiahat\u00e9konys\u00e1ga szint\u00e9n kiemelked\u0151 t\u00e9nyez\u0151 a mindennapi haszn\u00e1lat sor\u00e1n. Az akkumul\u00e1tor kapacit\u00e1sa lehet\u0151v\u00e9 teszi, hogy a v\u00e1rosi k\u00f6zleked\u00e9s sor\u00e1n hossz\u00fa t\u00e1vokat tegy\u00fcnk meg an\u00e9lk\u00fcl, hogy gyakran kellene t\u00f6lteni, \u00e9s az energia-visszanyer\u0151 f\u00e9krendszer hat\u00e9konyan t\u00f6lti vissza az energi\u00e1t, amikor lass\u00edtunk vagy lejt\u0151n haladunk. Ez a rendszer nemcsak az energiafelhaszn\u00e1l\u00e1st optimaliz\u00e1lja, hanem a f\u00e9kez\u00e9si \u00e9lm\u00e9nyt is sim\u00e1bb\u00e1 \u00e9s k\u00e9nyelmesebb\u00e9 teszi, ami tov\u00e1bb n\u00f6veli az aut\u00f3 haszn\u00e1lhat\u00f3s\u00e1g\u00e1t.<\/p>\n","protected":false},"excerpt":{"rendered":"<p>A szakemberek szerint a 2026-os \u00e9v nemcsak Magyarorsz\u00e1gon, hanem glob\u00e1lis szinten is az emberis\u00e9g t\u00f6rt\u00e9net\u00e9nek egyik \u2013 ha nem a&#8230; <span class=\"gridview-grid-post-read-more\"><a href=\"https:\/\/hirekegyhelyen.live\/napihirek\/hatalmas-felmelegedes-erkezik\/\">read more<span class=\"gridview-sr-only\"> Hatalmas felmeleged\u00e9s \u00e9rkezik<\/span><\/a><\/span><\/p>\n","protected":false},"author":1,"featured_media":4388,"comment_status":"open","ping_status":"open","sticky":false,"template":"","format":"standard","meta":{"footnotes":""},"categories":[1],"tags":[],"class_list":["post-4387","post","type-post","status-publish","format-standard","has-post-thumbnail","hentry","category-egyeb","wpcat-1-id"],"_links":{"self":[{"href":"https:\/\/hirekegyhelyen.live\/napihirek\/wp-json\/wp\/v2\/posts\/4387","targetHints":{"allow":["GET"]}}],"collection":[{"href":"https:\/\/hirekegyhelyen.live\/napihirek\/wp-json\/wp\/v2\/posts"}],"about":[{"href":"https:\/\/hirekegyhelyen.live\/napihirek\/wp-json\/wp\/v2\/types\/post"}],"author":[{"embeddable":true,"href":"https:\/\/hirekegyhelyen.live\/napihirek\/wp-json\/wp\/v2\/users\/1"}],"replies":[{"embeddable":true,"href":"https:\/\/hirekegyhelyen.live\/napihirek\/wp-json\/wp\/v2\/comments?post=4387"}],"version-history":[{"count":1,"href":"https:\/\/hirekegyhelyen.live\/napihirek\/wp-json\/wp\/v2\/posts\/4387\/revisions"}],"predecessor-version":[{"id":4389,"href":"https:\/\/hirekegyhelyen.live\/napihirek\/wp-json\/wp\/v2\/posts\/4387\/revisions\/4389"}],"wp:featuredmedia":[{"embeddable":true,"href":"https:\/\/hirekegyhelyen.live\/napihirek\/wp-json\/wp\/v2\/media\/4388"}],"wp:attachment":[{"href":"https:\/\/hirekegyhelyen.live\/napihirek\/wp-json\/wp\/v2\/media?parent=4387"}],"wp:term":[{"taxonomy":"category","embeddable":true,"href":"https:\/\/hirekegyhelyen.live\/napihirek\/wp-json\/wp\/v2\/categories?post=4387"},{"taxonomy":"post_tag","embeddable":true,"href":"https:\/\/hirekegyhelyen.live\/napihirek\/wp-json\/wp\/v2\/tags?post=4387"}],"curies":[{"name":"wp","href":"https:\/\/api.w.org\/{rel}","templated":true}]}}