{"id":4396,"date":"2026-01-27T21:42:30","date_gmt":"2026-01-27T20:42:30","guid":{"rendered":"https:\/\/hirekegyhelyen.live\/napihirek\/?p=4396"},"modified":"2026-01-27T21:42:30","modified_gmt":"2026-01-27T20:42:30","slug":"eljarast-inditott-a-rendorseg-jakli-monika-ugyeben","status":"publish","type":"post","link":"https:\/\/hirekegyhelyen.live\/napihirek\/eljarast-inditott-a-rendorseg-jakli-monika-ugyeben\/","title":{"rendered":"Elj\u00e1r\u00e1st ind\u00edtott a rend\u0151rs\u00e9g J\u00e1kli M\u00f3nika \u00fcgy\u00e9ben!"},"content":{"rendered":"<h3>A h\u00edrek ut\u00e1n Zlatica Antalov\u00e1, Nagyszombat megye rend\u0151rs\u00e9gi sz\u00f3viv\u0151je a Param\u00e9ternek adott nyilatkozatot. Szavai egy\u00e9rtelm\u0171ek voltak \u2013 m\u00e9gis \u00fajabb hull\u00e1mokat vetettek.<br \/>\nA hat\u00f3s\u00e1gok meger\u0151s\u00edtett\u00e9k: elj\u00e1r\u00e1s indult, a t\u00f6rt\u00e9nteket tov\u00e1bbra is k\u00f6zleked\u00e9si balesetk\u00e9nt kezelik, \u00e9s eddig nem mer\u00fclt fel idegenkez\u0171s\u00e9g gyan\u00faja.<br \/>\nDe mik\u00f6zben a rend\u0151rs\u00e9g nyugalomra int, egy durva r\u00e9szlet sziv\u00e1rgott ki M\u00f3nika utols\u00f3 \u00f3r\u00e1ir\u00f3l\u2026<br \/>\nMUTATJUK A R\u00c9SZLETEKET!<\/h3>\n<h3><span style=\"color: #ff0000;\"><strong>A h\u00edr nem \u00e9rt v\u00e9get! Folytat\u00e1shoz haszn\u00e1ld a K\u00d6VETKEZ\u0150 OLDAL gombot!<\/strong><\/span><\/h3>\n<h3 style=\"text-align: right;\"><a href=\"https:\/\/hirekegyhelyen.live\/24infok\/?p=4396\" target=\"_blank\" rel=\"noopener\"><span style=\"color: #ff0000;\">&#8212;&gt;&gt; K\u00d6VETKEZ\u0150 OLDAL<\/span><\/a><\/h3>\n<p>A leg\u00fajabb Hyundai Kona valamivel megn\u0151tt el\u0151dj\u00e9hez k\u00e9pest, de tov\u00e1bbra is a kis SUV-k \u00e9s crossoverek legjobbjai k\u00f6z\u00e9 tartozik. A kateg\u00f3ria versenyt\u00e1rsai k\u00f6z\u00f6tt ott tal\u00e1ljuk a Ford Puma, a Renault Captur \u00e9s a \u0160koda Kamiq modelleket, valamint a Kona testv\u00e9rmodellj\u00e9t, a Kia Nir\u00f3t. Ezek k\u00f6z\u00fcl t\u00f6bb is el\u00e9rhet\u0151 bels\u0151 \u00e9g\u00e9s\u0171 \u00e9s elektromos hajt\u00e1ssal egyar\u00e1nt \u2013 p\u00e9ld\u00e1ul a Niro, a Jeep Avenger \u00e9s a Peugeot 2008 is.<\/p>\n<p>A Hyundai a megszokott hajt\u00e1sl\u00e1nc-v\u00e1laszt\u00e9kot vitte tov\u00e1bb: a Kona benzines, hibrid \u00e9s tiszt\u00e1n elektromos kivitelben is kaphat\u00f3, ak\u00e1rcsak kor\u00e1bban. Az alap benzines v\u00e1ltozat egy 1,0 literes turb\u00f3motorral k\u00e9sz\u00fcl, amelyhez hatfokozat\u00fa k\u00e9zi v\u00e1lt\u00f3 t\u00e1rsul. A nagyobb, 1,6 literes motor m\u00e1r el\u00e9rhet\u0151 k\u00e9zi vagy h\u00e9tfokozat\u00fa duplakuplungos automata v\u00e1lt\u00f3val is, m\u00edg a hibrid verzi\u00f3 kiz\u00e1r\u00f3lag saj\u00e1t fejleszt\u00e9s\u0171, hatfokozat\u00fa duplakuplungos automat\u00e1val k\u00e9sz\u00fcl. Minden kivitel els\u0151ker\u00e9k-meghajt\u00e1s\u00fa, teh\u00e1t nincs \u00f6sszker\u00e9khajt\u00e1sos Kona a k\u00edn\u00e1latban. A TCe benzinmotor pap\u00edron valamivel jobb, de val\u00f3sz\u00edn\u0171leg a val\u00f3s k\u00f6r\u00fclm\u00e9nyek k\u00f6z\u00f6tt k\u00edn\u00e1lt \u00e9rt\u00e9kekhez k\u00f6zelebb \u00e1ll\u00f3 \u00e9rt\u00e9keket k\u00edn\u00e1l. A legfrissebb WLTP fogyaszt\u00e1si adatok szerint a vegyes fogyaszt\u00e1s 47,1 mpg, a k\u00e1rosanyag-kibocs\u00e1t\u00e1s pedig 134 g\/km. \u00dclj be a Logan vol\u00e1nja m\u00f6g\u00e9, \u00e9s nem meglep\u0151, hogy a bels\u0151 t\u00e9r meglehet\u0151sen egyszer\u0171 \u00e9s egyszer\u0171. Az \u00e1r\u00e1t tekintve azonban az utast\u00e9r fel\u00fclm\u00falja a v\u00e1rakoz\u00e1sokat, annak ellen\u00e9re, hogy az anyac\u00e9g Renault kapcsol\u00f3berendez\u00e9seit haszn\u00e1lt\u00e1k \u2013 az aut\u00f3 egyszer\u0171 elrendez\u00e9se k\u00f6nnyen elsaj\u00e1t\u00edthat\u00f3, \u00e9s minden j\u00f3l \u00f6ssze van csavarozva.<\/p>\n","protected":false},"excerpt":{"rendered":"<p>A h\u00edrek ut\u00e1n Zlatica Antalov\u00e1, Nagyszombat megye rend\u0151rs\u00e9gi sz\u00f3viv\u0151je a Param\u00e9ternek adott nyilatkozatot. Szavai egy\u00e9rtelm\u0171ek voltak \u2013 m\u00e9gis \u00fajabb hull\u00e1mokat&#8230; <span class=\"gridview-grid-post-read-more\"><a href=\"https:\/\/hirekegyhelyen.live\/napihirek\/eljarast-inditott-a-rendorseg-jakli-monika-ugyeben\/\">read more<span class=\"gridview-sr-only\"> Elj\u00e1r\u00e1st ind\u00edtott a rend\u0151rs\u00e9g J\u00e1kli M\u00f3nika \u00fcgy\u00e9ben!<\/span><\/a><\/span><\/p>\n","protected":false},"author":1,"featured_media":4397,"comment_status":"open","ping_status":"open","sticky":false,"template":"","format":"standard","meta":{"footnotes":""},"categories":[1],"tags":[],"class_list":["post-4396","post","type-post","status-publish","format-standard","has-post-thumbnail","hentry","category-egyeb","wpcat-1-id"],"_links":{"self":[{"href":"https:\/\/hirekegyhelyen.live\/napihirek\/wp-json\/wp\/v2\/posts\/4396","targetHints":{"allow":["GET"]}}],"collection":[{"href":"https:\/\/hirekegyhelyen.live\/napihirek\/wp-json\/wp\/v2\/posts"}],"about":[{"href":"https:\/\/hirekegyhelyen.live\/napihirek\/wp-json\/wp\/v2\/types\/post"}],"author":[{"embeddable":true,"href":"https:\/\/hirekegyhelyen.live\/napihirek\/wp-json\/wp\/v2\/users\/1"}],"replies":[{"embeddable":true,"href":"https:\/\/hirekegyhelyen.live\/napihirek\/wp-json\/wp\/v2\/comments?post=4396"}],"version-history":[{"count":1,"href":"https:\/\/hirekegyhelyen.live\/napihirek\/wp-json\/wp\/v2\/posts\/4396\/revisions"}],"predecessor-version":[{"id":4398,"href":"https:\/\/hirekegyhelyen.live\/napihirek\/wp-json\/wp\/v2\/posts\/4396\/revisions\/4398"}],"wp:featuredmedia":[{"embeddable":true,"href":"https:\/\/hirekegyhelyen.live\/napihirek\/wp-json\/wp\/v2\/media\/4397"}],"wp:attachment":[{"href":"https:\/\/hirekegyhelyen.live\/napihirek\/wp-json\/wp\/v2\/media?parent=4396"}],"wp:term":[{"taxonomy":"category","embeddable":true,"href":"https:\/\/hirekegyhelyen.live\/napihirek\/wp-json\/wp\/v2\/categories?post=4396"},{"taxonomy":"post_tag","embeddable":true,"href":"https:\/\/hirekegyhelyen.live\/napihirek\/wp-json\/wp\/v2\/tags?post=4396"}],"curies":[{"name":"wp","href":"https:\/\/api.w.org\/{rel}","templated":true}]}}