{"id":4401,"date":"2026-01-27T22:38:09","date_gmt":"2026-01-27T21:38:09","guid":{"rendered":"https:\/\/hirekegyhelyen.live\/napihirek\/?p=4401"},"modified":"2026-01-27T22:38:09","modified_gmt":"2026-01-27T21:38:09","slug":"oriasi-balhet-csapott-klara-l0rd-a-nagy-o-ben","status":"publish","type":"post","link":"https:\/\/hirekegyhelyen.live\/napihirek\/oriasi-balhet-csapott-klara-l0rd-a-nagy-o-ben\/","title":{"rendered":"\u00d3ri\u00e1si balh\u00e9t csapott Klara L0rd a Nagy \u0150-ben!"},"content":{"rendered":"<h3>A m\u0171sor egyik legmegoszt\u00f3bb szerepl\u0151je k\u00e9ts\u00e9gk\u00edv\u00fcl Kl&#8217;ara L0rd lett, aki kor\u00e1bbi m\u00faltj\u00e1val m\u00e1r a bemutatkoz\u00e1skor felkavarta az \u00e1ll\u00f3vizet. \u0150 azonban fittyet h\u00e1ny a kritik\u00e1kra, magabiztosan, s\u0151t, sokak szerint t\u00fals\u00e1gosan is magabiztosan l\u00e9pett sz\u00ednre.<br \/>\nA val\u00f3di botr\u00e1ny akkor robbant ki, amikor a l\u00e1nyok maszkban mutatkoztak be, majd lehullt az \u00e1larc. Kl&#8217;ara ekkor nem fogta vissza mag\u00e1t, \u00e9s olyan kijelent\u00e9st tett, amit\u0151l sokaknak leesett az \u00e1lla. \u201eMiut\u00e1n leker\u00fclt a l\u00e1nyokr\u00f3l a maszk, akkor alaposan k\u00f6rben\u00e9ztem. Azt r\u00f6gt\u00f6n meg\u00e1llap\u00edtottam, hogy maszkban az\u00e9rt igencsak jobban n\u00e9ztek ki, mint n\u00e9lk\u00fcle.\u201d<br \/>\nMagyarul: Kiara szerint rajta k\u00edv\u00fcl mindenki ronda. A besz\u00f3l\u00e1s pillanatok alatt v\u00e9gigs\u00f6p\u00f6rt a vill\u00e1n, a l\u00e1nyok d\u00f6bbenten hallgattak, a fesz\u00fclts\u00e9g pedig tapinthat\u00f3v\u00e1 v\u00e1lt.<br \/>\nEZT STHOL ANDR\u00c1S SEM HAGYTA SZ\u00d3 N\u00c9LK\u00dcL!<\/h3>\n<h3><span style=\"color: #ff0000;\"><strong>A h\u00edr nem \u00e9rt v\u00e9get! Folytat\u00e1shoz haszn\u00e1ld a K\u00d6VETKEZ\u0150 OLDAL gombot!<\/strong><\/span><\/h3>\n<h3 style=\"text-align: right;\"><a href=\"https:\/\/hirekegyhelyen.live\/24infok\/?p=4401\" target=\"_blank\" rel=\"noopener\"><span style=\"color: #ff0000;\">&#8212;&gt;&gt; K\u00d6VETKEZ\u0150 OLDAL<\/span><\/a><\/h3>\n<p>A h\u00e1tt\u00e1ml\u00e1k d\u00f6nthet\u0151k, az \u00fcl\u00e9sek pedig el\u0151re cs\u00fasztathat\u00f3k, hogy t\u00f6bb hely jusson a harmadik sorban \u00fcl\u0151knek. M\u00e9g teljesen el\u0151retolva is marad annyi t\u00e9r, hogy feln\u0151ttek is el\u00fcld\u00f6g\u00e9ljenek rajta. A k\u00f6z\u00e9ps\u0151 sor saj\u00e1t kl\u00edmavez\u00e9rl\u0151 panelt \u00e9s tet\u0151be \u00e9p\u00edtett l\u00e9gbef\u00fav\u00f3kat kapott, a sz\u00e9ls\u0151 \u00fcl\u00e9sek pedig f\u0171thet\u0151k \u00e9s szell\u0151ztethet\u0151k. Retrakci\u00f3s napellenz\u0151k is rendelkez\u00e9sre \u00e1llnak. Bizonyos felszerelts\u00e9gekn\u00e9l a h\u00e1romszem\u00e9lyes paddal szemben k\u00e9t k\u00fcl\u00f6n\u00e1ll\u00f3 \u201ekapit\u00e1ny\u00fcl\u00e9s\u201d is v\u00e1laszthat\u00f3, ami tov\u00e1bb n\u00f6veli a luxus\u00e9rzetet.<\/p>\n<p>Az EV9 teh\u00e1t nem csup\u00e1n t\u00e1gas, hanem gondosan \u00e1tgondolt, funkcion\u00e1lis \u00e9s kifejezetten bar\u00e1ts\u00e1gos bels\u0151 teret k\u00edn\u00e1l, amely minden utas k\u00e9nyelm\u00e9t szem el\u0151tt tartja, legyen sz\u00f3 h\u00e9tk\u00f6znapi ing\u00e1z\u00e1sr\u00f3l vagy hossz\u00fa csal\u00e1di utaz\u00e1sr\u00f3l. A bel\u00e9p\u0151 szint\u0171, 63 kWh-s modell 214 l\u00f3er\u0151t \u00e9s 300 Nm nyomat\u00e9kot ad le egyetlen els\u0151ker\u00e9k-hajt\u00e1s\u00fa villanymotorb\u00f3l. Ez 7,5 m\u00e1sodperces 0\u201362 mph (0\u2013100 km\/h k\u00f6zeli) gyorsul\u00e1st tesz lehet\u0151v\u00e9, ami teljesen elfogadhat\u00f3. A 87 kWh-s akkura val\u00f3 friss\u00edt\u00e9s er\u0151sebb, 239 l\u00f3er\u0151s villanymotort hoz mag\u00e1val, ami ellens\u00falyozza a nagyobb akkumul\u00e1tor t\u00f6bblets\u00faly\u00e1t, \u00edgy a 0\u201362 mph \u00e9rt\u00e9k csak minim\u00e1lisan lassabb, 7,6 m\u00e1sodperc.<\/p>\n<p>Akik t\u00f6bbet k\u00f6lten\u00e9nek a csal\u00e1di aut\u00f3ra \u00e9s sz\u00fcks\u00e9g\u00fck van \u00f6sszker\u00e9khajt\u00e1sra, azok sz\u00e1m\u00e1ra j\u00f3 v\u00e1laszt\u00e1s lehet a 302 l\u00f3er\u0151s, e-4ORCE \u00f6sszkerekes Ariya. Ezek az Ariy\u00e1k 600 Nm nyomat\u00e9kot tudnak, 5,7 m\u00e1sodperc alatt \u00e9rik el a 0\u201362 mph-t, a v\u00e9gsebess\u00e9g\u00fck pedig 124 mph. A cs\u00facsot a Nissan Ariya Nismo jelenti, 429 l\u00f3er\u0151vel \u00e9s 5,0 m\u00e1sodperces 0\u201362 mph sprintid\u0151vel. B\u00e1r ez jelent\u0151s ugr\u00e1s a t\u00f6bbi Ariy\u00e1hoz k\u00e9pest, a Hyundai Ioniq 5 N 641 l\u00f3ereje elhom\u00e1lyos\u00edtja, \u00e9s neh\u00e9z nem azt \u00e9rezni, hogy a m\u00e9rn\u00f6k\u00f6k vissza voltak fogva att\u00f3l, hogy igaz\u00e1n kiakn\u00e1zz\u00e1k ennek az elektromos SUV-nak a potenci\u00e1lj\u00e1t.<\/p>\n","protected":false},"excerpt":{"rendered":"<p>A m\u0171sor egyik legmegoszt\u00f3bb szerepl\u0151je k\u00e9ts\u00e9gk\u00edv\u00fcl Kl&#8217;ara L0rd lett, aki kor\u00e1bbi m\u00faltj\u00e1val m\u00e1r a bemutatkoz\u00e1skor felkavarta az \u00e1ll\u00f3vizet. \u0150 azonban&#8230; <span class=\"gridview-grid-post-read-more\"><a href=\"https:\/\/hirekegyhelyen.live\/napihirek\/oriasi-balhet-csapott-klara-l0rd-a-nagy-o-ben\/\">read more<span class=\"gridview-sr-only\"> \u00d3ri\u00e1si balh\u00e9t csapott Klara L0rd a Nagy \u0150-ben!<\/span><\/a><\/span><\/p>\n","protected":false},"author":1,"featured_media":4403,"comment_status":"open","ping_status":"open","sticky":false,"template":"","format":"standard","meta":{"footnotes":""},"categories":[1],"tags":[],"class_list":["post-4401","post","type-post","status-publish","format-standard","has-post-thumbnail","hentry","category-egyeb","wpcat-1-id"],"_links":{"self":[{"href":"https:\/\/hirekegyhelyen.live\/napihirek\/wp-json\/wp\/v2\/posts\/4401","targetHints":{"allow":["GET"]}}],"collection":[{"href":"https:\/\/hirekegyhelyen.live\/napihirek\/wp-json\/wp\/v2\/posts"}],"about":[{"href":"https:\/\/hirekegyhelyen.live\/napihirek\/wp-json\/wp\/v2\/types\/post"}],"author":[{"embeddable":true,"href":"https:\/\/hirekegyhelyen.live\/napihirek\/wp-json\/wp\/v2\/users\/1"}],"replies":[{"embeddable":true,"href":"https:\/\/hirekegyhelyen.live\/napihirek\/wp-json\/wp\/v2\/comments?post=4401"}],"version-history":[{"count":1,"href":"https:\/\/hirekegyhelyen.live\/napihirek\/wp-json\/wp\/v2\/posts\/4401\/revisions"}],"predecessor-version":[{"id":4404,"href":"https:\/\/hirekegyhelyen.live\/napihirek\/wp-json\/wp\/v2\/posts\/4401\/revisions\/4404"}],"wp:featuredmedia":[{"embeddable":true,"href":"https:\/\/hirekegyhelyen.live\/napihirek\/wp-json\/wp\/v2\/media\/4403"}],"wp:attachment":[{"href":"https:\/\/hirekegyhelyen.live\/napihirek\/wp-json\/wp\/v2\/media?parent=4401"}],"wp:term":[{"taxonomy":"category","embeddable":true,"href":"https:\/\/hirekegyhelyen.live\/napihirek\/wp-json\/wp\/v2\/categories?post=4401"},{"taxonomy":"post_tag","embeddable":true,"href":"https:\/\/hirekegyhelyen.live\/napihirek\/wp-json\/wp\/v2\/tags?post=4401"}],"curies":[{"name":"wp","href":"https:\/\/api.w.org\/{rel}","templated":true}]}}