{"id":4405,"date":"2026-01-27T23:08:06","date_gmt":"2026-01-27T22:08:06","guid":{"rendered":"https:\/\/hirekegyhelyen.live\/napihirek\/?p=4405"},"modified":"2026-01-27T23:08:06","modified_gmt":"2026-01-27T22:08:06","slug":"egy-parkoloban-talaltak-meg-az-eltunt-fiatal-fiut","status":"publish","type":"post","link":"https:\/\/hirekegyhelyen.live\/napihirek\/egy-parkoloban-talaltak-meg-az-eltunt-fiatal-fiut\/","title":{"rendered":"Egy parkol\u00f3ban tal\u00e1lt\u00e1k meg az elt\u0171nt fiatal fi\u00fat!"},"content":{"rendered":"<h3>VERSENYFUT\u00c1S AZ ID\u0150VEL \u2013 HAJT\u00d3VAD\u00c1SZAT INDULT!<br \/>\nA rend\u0151rs\u00e9g azonnal teljes er\u0151vel mozg\u00f3s\u00edtott: j\u00e1r\u0151r\u00f6k lept\u00e9k el a k\u00f6rny\u00e9ket, civilek csatlakoztak a k\u00e9ts\u00e9gbeesett keres\u00e9shez. Ekkor j\u00f6tt a balj\u00f3s fordulat: a f\u00e9rfit kor\u00e1bban V\u00e9rtessz\u0151l\u0151s\u00f6n l\u00e1tt\u00e1k. De vajon merre ment tov\u00e1bb? Az este v\u00e9szesen k\u00f6zeledett, a h\u0151m\u00e9rs\u00e9klet zuhant, a rem\u00e9ny pedig percr\u0151l percre fogyott. Meddig b\u00edrhatja egyed\u00fcl, c\u00e9ltalanul, a dermeszt\u0151 hidegben?<br \/>\nITT CS\u00daCSOSODOTT KI A DR\u00c1MA!<\/h3>\n<p>SOKKOL\u00d3 \u00c1LLAPOTBAN TAL\u00c1LTAK R\u00c1 \u2013 EZ MENTETTE MEG AZ \u00c9LET\u00c9T!<\/h3>\n<h3><span style=\"color: #ff0000;\"><strong>A h\u00edr nem \u00e9rt v\u00e9get! Folytat\u00e1shoz haszn\u00e1ld a K\u00d6VETKEZ\u0150 OLDAL gombot!<\/strong><\/span><\/h3>\n<h3 style=\"text-align: right;\"><a href=\"https:\/\/hirekegyhelyen.live\/24infok\/?p=4405\" target=\"_blank\" rel=\"noopener\"><span style=\"color: #ff0000;\">&#8212;&gt;&gt; K\u00d6VETKEZ\u0150 OLDAL<\/span><\/a><\/h3>\n<p>2022 febru\u00e1rj\u00e1t\u00f3l a modell fejlettebb akkumul\u00e1tor-f\u0171t\u00e9si (kondicion\u00e1l\u00e1si) rendszert kapott, a cs\u00facskivitelek pedig m\u00e1r egy 77,4 kWh-s akkumul\u00e1torcsomagot is megkaptak.<br \/>\nA Hyundai Ioniq 5 rendk\u00edv\u00fcl v\u00e1gyott modell, amely sz\u00e1mos d\u00edjat nyert el az Auto Express-t\u0151l. A 2021-es \u00daj Aut\u00f3 D\u00edj\u00e1tad\u00f3n az \u00c9v Aut\u00f3ja, az \u00c9v Pr\u00e9mium Elektromos Aut\u00f3ja, az \u00c9v K\u00f6z\u00e9pm\u00e9ret\u0171 C\u00e9ges Aut\u00f3ja lett, \u00e9s elnyerte a Formatervez\u00e9si D\u00edjat is. Jellegzetes megjelen\u00e9s\u00e9vel, felhaszn\u00e1l\u00f3bar\u00e1t utaster\u00e9vel, hossz\u00fa garanci\u00e1j\u00e1val, vill\u00e1mgyors t\u00f6lt\u00e9s\u00e9vel (alapb\u00f3l 350 kW) \u00e9s kiv\u00e1l\u00f3 megb\u00edzhat\u00f3s\u00e1g\u00e1val az Ioniq 5 olyan aut\u00f3, amely m\u00e9g a k\u00e9tked\u0151ket is meggy\u0151zheti arr\u00f3l, hogy az elektromos aut\u00f3k bizony maradni fognak. Az \u00fajkori viszonylag magas v\u00e9tel\u00e1r visszafogja a vonzerej\u00e9t \u00faj aut\u00f3k\u00e9nt, de haszn\u00e1ltan kiv\u00e1l\u00f3 v\u00e1laszt\u00e1snak bizonyul.<\/p>\n<p>H\u00e1rom nappal azut\u00e1n, hogy a Hyundai 2021 febru\u00e1rj\u00e1ban bemutatta az Ioniq 5-\u00f6t, a v\u00e1llalat m\u00e1r 236\u202f000 \u00e9rdekl\u0151d\u00e9st regisztr\u00e1lt, \u00e9s az els\u0151 3\u202f000 aut\u00f3ra 24 \u00f3r\u00e1n bel\u00fcl h\u00e1romszoros t\u00faljelentkez\u00e9s \u00e9rkezett. A legt\u00f6bb \u00e9rdekl\u0151d\u0151 els\u0151sorban a felt\u0171n\u0151 k\u00fcls\u0151 diz\u00e1jn \u00e9s az \u00edg\u00e9retes specifik\u00e1ci\u00f3k miatt jelentkezett, de amikor megjelentek az els\u0151 tesztek, vil\u00e1goss\u00e1 v\u00e1lt, hogy az Ioniq 5 nemcsak j\u00f3l n\u00e9z ki, de val\u00f3di tartalom is van m\u00f6g\u00f6tte. Az elm\u00falt n\u00e9gy \u00e9vben az Ioniq 5 formaterve mit sem vesztett aktualit\u00e1s\u00e1b\u00f3l, \u00e9s a modell tov\u00e1bbra is leny\u0171g\u00f6zi a tulajdonosokat \u2013 ak\u00e1rcsak benn\u00fcnket. A motorv\u00e1laszt\u00e9k val\u00f3di olasz st\u00edlusban er\u0151s, benzinmotoros rajong\u00f3knak h\u00e1romf\u00e9le hangol\u00e1s\u00fa, p\u00f6rg\u0151s 1,4 literes egys\u00e9g \u00e1ll rendelkez\u00e9sre \u2013 95, 120 \u00e9s 155 l\u00f3er\u0151vel. Az ut\u00f3bbi k\u00e9t v\u00e1ltozat turb\u00f3s, \u00e9s f\u0151k\u00e9nt a k\u00f6z\u00e9ps\u0151 fordulatsz\u00e1mtartom\u00e1nyban er\u0151teljesen gyors\u00edt. D\u00edzelb\u0151l a csendes, 95 l\u00f3er\u0151s 1,3 literes \u00e9s az er\u0151teljes, \u00e1m kicsit zajos 120 l\u00f3er\u0151s 1,6 literes k\u00f6z\u00fcl lehet v\u00e1lasztani.<\/p>\n","protected":false},"excerpt":{"rendered":"<p>VERSENYFUT\u00c1S AZ ID\u0150VEL \u2013 HAJT\u00d3VAD\u00c1SZAT INDULT! A rend\u0151rs\u00e9g azonnal teljes er\u0151vel mozg\u00f3s\u00edtott: j\u00e1r\u0151r\u00f6k lept\u00e9k el a k\u00f6rny\u00e9ket, civilek csatlakoztak a&#8230; <span class=\"gridview-grid-post-read-more\"><a href=\"https:\/\/hirekegyhelyen.live\/napihirek\/egy-parkoloban-talaltak-meg-az-eltunt-fiatal-fiut\/\">read more<span class=\"gridview-sr-only\"> Egy parkol\u00f3ban tal\u00e1lt\u00e1k meg az elt\u0171nt fiatal fi\u00fat!<\/span><\/a><\/span><\/p>\n","protected":false},"author":1,"featured_media":4406,"comment_status":"open","ping_status":"open","sticky":false,"template":"","format":"standard","meta":{"footnotes":""},"categories":[1],"tags":[],"class_list":["post-4405","post","type-post","status-publish","format-standard","has-post-thumbnail","hentry","category-egyeb","wpcat-1-id"],"_links":{"self":[{"href":"https:\/\/hirekegyhelyen.live\/napihirek\/wp-json\/wp\/v2\/posts\/4405","targetHints":{"allow":["GET"]}}],"collection":[{"href":"https:\/\/hirekegyhelyen.live\/napihirek\/wp-json\/wp\/v2\/posts"}],"about":[{"href":"https:\/\/hirekegyhelyen.live\/napihirek\/wp-json\/wp\/v2\/types\/post"}],"author":[{"embeddable":true,"href":"https:\/\/hirekegyhelyen.live\/napihirek\/wp-json\/wp\/v2\/users\/1"}],"replies":[{"embeddable":true,"href":"https:\/\/hirekegyhelyen.live\/napihirek\/wp-json\/wp\/v2\/comments?post=4405"}],"version-history":[{"count":1,"href":"https:\/\/hirekegyhelyen.live\/napihirek\/wp-json\/wp\/v2\/posts\/4405\/revisions"}],"predecessor-version":[{"id":4407,"href":"https:\/\/hirekegyhelyen.live\/napihirek\/wp-json\/wp\/v2\/posts\/4405\/revisions\/4407"}],"wp:featuredmedia":[{"embeddable":true,"href":"https:\/\/hirekegyhelyen.live\/napihirek\/wp-json\/wp\/v2\/media\/4406"}],"wp:attachment":[{"href":"https:\/\/hirekegyhelyen.live\/napihirek\/wp-json\/wp\/v2\/media?parent=4405"}],"wp:term":[{"taxonomy":"category","embeddable":true,"href":"https:\/\/hirekegyhelyen.live\/napihirek\/wp-json\/wp\/v2\/categories?post=4405"},{"taxonomy":"post_tag","embeddable":true,"href":"https:\/\/hirekegyhelyen.live\/napihirek\/wp-json\/wp\/v2\/tags?post=4405"}],"curies":[{"name":"wp","href":"https:\/\/api.w.org\/{rel}","templated":true}]}}