{"id":4408,"date":"2026-01-28T13:17:55","date_gmt":"2026-01-28T12:17:55","guid":{"rendered":"https:\/\/hirekegyhelyen.live\/napihirek\/?p=4408"},"modified":"2026-01-28T13:17:55","modified_gmt":"2026-01-28T12:17:55","slug":"nyomtalanul-eltunt","status":"publish","type":"post","link":"https:\/\/hirekegyhelyen.live\/napihirek\/nyomtalanul-eltunt\/","title":{"rendered":"Nyomtalanul elt\u0171nt"},"content":{"rendered":"<h3>A Szentendrei Rend\u0151rkapit\u00e1nys\u00e1g elj\u00e1r\u00e1st folytat Rokon\u00e1l Benedek L\u0151rinc elt\u0171n\u00e9se miatt. A 36 \u00e9ves f\u00e9rfi janu\u00e1r 27-\u00e9n a hajnali \u00f3r\u00e1kban t\u00e1vozott tahit\u00f3tfalui otthon\u00e1b\u00f3l ismeretlen helyre. K\u00e9s\u0151bb a telep\u00fcl\u00e9s Duna-parti szakasz\u00e1n tal\u00e1ltak olyan ru\/adar\/bokat \u00e9s \u00e9kszereket, amelyek hozz\u00e1 k\u00f6thet\u0151k, azonban az\u00f3ta sem siker\u00fclt meg\u00e1llap\u00edtani a tart\u00f3zkod\u00e1si hely\u00e9t. Az elt\u0171nt f\u00e9\/fi 183 centim\u00e9ter magas, v\u00e9kony te\/talkat\u00fa. F\u00fclig \u00e9r\u0151, sz\u0151k\u00e9sbarna haja van, amely \u0151sz\u00fcl, \u00e9s \u00e1ltal\u00e1ban \u00f6sszefogva hordja. Jellegzetesen \u00edvelt, el\u0151reny\u00fal\u00f3 orra van. A felt\u00e9telez\u00e9sek szerint ru\/\u00e1t nem vi\/el, mivel azokat h\u00e1trahagyta.<\/h3>\n<h3><span style=\"color: #ff0000;\"><strong>A h\u00edr nem \u00e9rt v\u00e9get! Folytat\u00e1shoz haszn\u00e1ld a K\u00d6VETKEZ\u0150 OLDAL gombot!<\/strong><\/span><\/h3>\n<h3 style=\"text-align: right;\"><a href=\"https:\/\/hirekegyhelyen.live\/24infok\/?p=4408\" target=\"_blank\" rel=\"noopener\"><span style=\"color: #ff0000;\">&#8212;&gt;&gt; K\u00d6VETKEZ\u0150 OLDAL<\/span><\/a><\/h3>\n<p>&#8211;<\/p>\n<p>Ha valaki t\u00f6bb k\u00e9nyelmet, modernebb megold\u00e1sokat vagy l\u00e1tv\u00e1nyosabb megjelen\u00e9st szeretne, akkor egyszer\u0171en egy szinttel feljebb kell l\u00e9pnie a k\u00edn\u00e1latban. Ennek az a nagy el\u0151nye, hogy az \u00e1r-\u00e9rt\u00e9k ar\u00e1ny k\u00f6nnyen \u00e1tl\u00e1that\u00f3, \u00e9s a vev\u0151 pontosan tudja, mit kap a p\u00e9nz\u00e9\u00e9rt.<\/p>\n<p>Ennek a strat\u00e9gi\u00e1nak k\u00f6sz\u00f6nhet\u0151en a cs\u00facsfelszerelts\u00e9g\u0171 Premium SE Nav v\u00e1ltozat kifejezetten gazdagon felszerelt. Ebben a kivitelben m\u00e1r olyan k\u00e9nyelmi extr\u00e1k is alap\u00e1ron j\u00e1rnak, mint az \u00fcl\u00e9sf\u0171t\u00e9s, a f\u0171thet\u0151 visszapillant\u00f3 t\u00fckr\u00f6k \u00e9s a f\u0171thet\u0151 korm\u00e1nyker\u00e9k, amelyek k\u00fcl\u00f6n\u00f6sen a hidegebb h\u00f3napokban n\u00f6velik jelent\u0151sen a komfort\u00e9rzetet. A 16 colos k\u00f6nny\u0171f\u00e9m ker\u00e9kt\u00e1rcs\u00e1k nemcsak eszt\u00e9tikailag dobnak sokat az aut\u00f3n, hanem stabilabb \u00fattart\u00e1st is biztos\u00edtanak. A biztons\u00e1got \u00e9s a vezet\u00e9st\u00e1mogat\u00e1st szolg\u00e1lja a s\u00e1velhagy\u00e1sra figyelmeztet\u0151 rendszer, amely hosszabb utak sor\u00e1n vagy v\u00e1rosi forgalomban is hasznos lehet. Az els\u0151 \u00e9s h\u00e1ts\u00f3 parkol\u00f3szenzorok megk\u00f6nny\u00edtik a man\u0151verez\u00e9st sz\u0171k helyeken, m\u00edg az elektromos napf\u00e9nytet\u0151 vil\u00e1gosabb\u00e1 \u00e9s bar\u00e1ts\u00e1gosabb\u00e1 teszi az utasteret. A s\u00f6t\u00e9t\u00edtett h\u00e1ts\u00f3 \u00fcvegek nemcsak eleg\u00e1ns megjelen\u00e9st adnak az aut\u00f3nak, hanem a h\u00e1ts\u00f3 utasok komfortj\u00e1t \u00e9s a csomagt\u00e9r v\u00e9delm\u00e9t is jav\u00edtj\u00e1k a naps\u00fct\u00e9ssel szemben.<\/p>\n","protected":false},"excerpt":{"rendered":"<p>A Szentendrei Rend\u0151rkapit\u00e1nys\u00e1g elj\u00e1r\u00e1st folytat Rokon\u00e1l Benedek L\u0151rinc elt\u0171n\u00e9se miatt. A 36 \u00e9ves f\u00e9rfi janu\u00e1r 27-\u00e9n a hajnali \u00f3r\u00e1kban t\u00e1vozott&#8230; <span class=\"gridview-grid-post-read-more\"><a href=\"https:\/\/hirekegyhelyen.live\/napihirek\/nyomtalanul-eltunt\/\">read more<span class=\"gridview-sr-only\"> Nyomtalanul elt\u0171nt<\/span><\/a><\/span><\/p>\n","protected":false},"author":1,"featured_media":4409,"comment_status":"open","ping_status":"open","sticky":false,"template":"","format":"standard","meta":{"footnotes":""},"categories":[1],"tags":[],"class_list":["post-4408","post","type-post","status-publish","format-standard","has-post-thumbnail","hentry","category-egyeb","wpcat-1-id"],"_links":{"self":[{"href":"https:\/\/hirekegyhelyen.live\/napihirek\/wp-json\/wp\/v2\/posts\/4408","targetHints":{"allow":["GET"]}}],"collection":[{"href":"https:\/\/hirekegyhelyen.live\/napihirek\/wp-json\/wp\/v2\/posts"}],"about":[{"href":"https:\/\/hirekegyhelyen.live\/napihirek\/wp-json\/wp\/v2\/types\/post"}],"author":[{"embeddable":true,"href":"https:\/\/hirekegyhelyen.live\/napihirek\/wp-json\/wp\/v2\/users\/1"}],"replies":[{"embeddable":true,"href":"https:\/\/hirekegyhelyen.live\/napihirek\/wp-json\/wp\/v2\/comments?post=4408"}],"version-history":[{"count":1,"href":"https:\/\/hirekegyhelyen.live\/napihirek\/wp-json\/wp\/v2\/posts\/4408\/revisions"}],"predecessor-version":[{"id":4410,"href":"https:\/\/hirekegyhelyen.live\/napihirek\/wp-json\/wp\/v2\/posts\/4408\/revisions\/4410"}],"wp:featuredmedia":[{"embeddable":true,"href":"https:\/\/hirekegyhelyen.live\/napihirek\/wp-json\/wp\/v2\/media\/4409"}],"wp:attachment":[{"href":"https:\/\/hirekegyhelyen.live\/napihirek\/wp-json\/wp\/v2\/media?parent=4408"}],"wp:term":[{"taxonomy":"category","embeddable":true,"href":"https:\/\/hirekegyhelyen.live\/napihirek\/wp-json\/wp\/v2\/categories?post=4408"},{"taxonomy":"post_tag","embeddable":true,"href":"https:\/\/hirekegyhelyen.live\/napihirek\/wp-json\/wp\/v2\/tags?post=4408"}],"curies":[{"name":"wp","href":"https:\/\/api.w.org\/{rel}","templated":true}]}}