{"id":4411,"date":"2026-01-28T16:59:39","date_gmt":"2026-01-28T15:59:39","guid":{"rendered":"https:\/\/hirekegyhelyen.live\/napihirek\/?p=4411"},"modified":"2026-01-28T16:59:39","modified_gmt":"2026-01-28T15:59:39","slug":"gyasz-bodrogi-gyula-is-elbucsuzott-a-hajnali-orakban","status":"publish","type":"post","link":"https:\/\/hirekegyhelyen.live\/napihirek\/gyasz-bodrogi-gyula-is-elbucsuzott-a-hajnali-orakban\/","title":{"rendered":"Gy\u00e1sz: Bodrogi Gyula is elb\u00facs\u00fazott a hajnali \u00f3r\u00e1kban"},"content":{"rendered":"<h3>A gy\u00e1sz els\u0151 mondatai elcsukl\u00f3 hangon hangzottak el. Bodrogi Gyula az Indexnek besz\u00e9lt, \u00e9s szavai m\u00f6g\u00f6tt m\u00e9ly f\u00e1jdalom h\u00faz\u00f3dott meg.<br \/>\n\u201eA legjobb bar\u00e1tok voltunk. Telefonon mindennap tartottuk a kapcsolatot, m\u00e9g az utols\u00f3 napokban is\u201d \u2013 mondta, majd hossz\u00fa csend k\u00f6vetkezett.<br \/>\nA k\u00f6z\u00f6ss\u00e9gi oldalakon is gyorsan terjedt a h\u00edr: B\u00f3ta G\u00e1bor sz\u00ednh\u00e1zkritikus osztotta meg a megrend\u00edt\u0151 bejelent\u00e9st, amelyet szem\u00e9lyesen Bodrogi Gyul\u00e1t\u00f3l hallott.<br \/>\nA sz\u00ednh\u00e1zi vil\u00e1g l\u00e9legzet-visszafojtva figyelt \u2014 kinek a b\u00facs\u00faj\u00e1r\u00f3l van sz\u00f3 val\u00f3j\u00e1ban?<\/h3>\n<h3><span style=\"color: #ff0000;\"><strong>A h\u00edr nem \u00e9rt v\u00e9get! Folytat\u00e1shoz haszn\u00e1ld a K\u00d6VETKEZ\u0150 OLDAL gombot!<\/strong><\/span><\/h3>\n<h3 style=\"text-align: right;\"><a href=\"https:\/\/hirekegyhelyen.live\/24infok\/?p=4411\" target=\"_blank\" rel=\"noopener\"><span style=\"color: #ff0000;\">&#8212;&gt;&gt; K\u00d6VETKEZ\u0150 OLDAL<\/span><\/a><\/h3>\n<p>A Stelvio egyik leger\u0151sebb pontja a menetdinamika: a Giorgio platform, a korm\u00e1nyz\u00e1s k\u00f6zvetlens\u00e9ge \u00e9s az opcion\u00e1lis adapt\u00edv csillap\u00edt\u00e1s egy\u00fcttesen olyan viselked\u00e9st eredm\u00e9nyeznek, amely sok SUV-n\u00e1l \u00e9lvezetesebb, \u201esportosabb\u201d \u00e9lm\u00e9nyt ad. A korm\u00e1nyz\u00e1s gyors \u00e9s pontos, \u00edgy az aut\u00f3 nagyobb s\u00falya ellen\u00e9re is \u00e9l\u00e9nk marad, \u00e9s sok vezet\u0151nek az egyik leg\u00e9rdekesebb SUV-k\u00e9nt fog visszajelz\u00e9st adni. Ugyanakkor ennek az \u00e9lm\u00e9nynek \u00e1ra van: a fut\u00f3m\u0171 feszesebb hangol\u00e1s\u00fa lehet az egyenetlen \u00fatfel\u00fcleteken, \u00e9s nem annyira \u201ep\u00e1rn\u00e1s\u201d, mint egyes riv\u00e1lisok (p\u00e9ld\u00e1ul Volvo XC60 vagy GLC) komfortorient\u00e1lt modelljei.<br \/>\nA bels\u0151 t\u00e9r t\u00e1gas, el\u00f6l j\u00f3 a fejt\u00e9r \u00e9s a l\u00e1bt\u00e9r, m\u00e9g ha a h\u00e1ts\u00f3 \u00fcl\u0151helyek \u00fcl\u00e9sd\u00f6nt\u00e9si sz\u00f6ge miatt a h\u00e1ts\u00f3 utasok helyzete kicsit \u201efel\u00fcl \u00fcl\u0151s\u201d is lehet \u2013 m\u00e9g \u00edgy is elfogadhat\u00f3 csal\u00e1di haszn\u00e1latra. A csomagt\u00e9r 525 literes, ami a k\u00f6z\u00e9pkateg\u00f3ri\u00e1s SUV-k k\u00f6z\u00f6tt versenyk\u00e9pes, b\u00e1r nem kiugr\u00f3an nagy (p\u00e9ld\u00e1ul a Mercedes GLC-ben kb. 600 liter). A t\u00e1gasabb rakt\u00e9r \u00e9s a \u00f6tajt\u00f3s kialak\u00edt\u00e1s miatt h\u00e9tv\u00e9gi kiruccan\u00e1sokra vagy napi haszn\u00e1latra is j\u00f3l haszn\u00e1lhat\u00f3, de a h\u00e1ts\u00f3 rakod\u00f3ny\u00edl\u00e1s \u00e9s a tet\u0151line miatt el\u0151fordulhat, hogy nem mindent tud befogadni, amit egy \u201ekock\u00e1sabb\u201d rivaliz\u00e1l\u00f3 tud.<\/p>\n<p>A Stelvio belsej\u00e9ben modern eszk\u00f6z\u00f6ket tal\u00e1lunk: minden modell m\u00e1r 12,3-colos digit\u00e1lis m\u0171szeregys\u00e9get \u00e9s 8,8-colos k\u00f6zponti \u00e9rint\u0151k\u00e9perny\u0151t kap alapb\u00f3l, Apple CarPlay \u00e9s Android Auto t\u00e1mogat\u00e1ssal. Quadrifoglio \u00e9s magasabb felszerelts\u00e9gekhez adapt\u00edv fut\u00f3m\u0171 \u00e9s exkluz\u00edv eszt\u00e9tikai csomagok is el\u00e9rhet\u0151k. Az infotainment rendszer viszont nem felt\u00e9tlen\u00fcl a leggyorsabb vagy legkorszer\u0171bb a piacon, \u00e9s id\u0151nk\u00e9nt laggolhat vagy kev\u00e9sb\u00e9 \u00e9les lehet a k\u00e9perny\u0151.<br \/>\nA bels\u0151 \u00e9g\u00e9s\u0171 motoroknak megfelel\u0151en a d\u00edzel v\u00e1ltozat ad viszonylag kedvez\u0151 fogyaszt\u00e1st a WLTP-m\u00e9r\u00e9sek szerint \u2013 ak\u00e1r 60,1 mpg k\u00f6r\u00fcli \u00e1tlagra is k\u00e9pes \u2013, m\u00edg a benzinesek alacsonyabb sz\u00e1mokat mutatnak. A tapasztalatok szerint a benzinesek re\u00e1lis vegyes haszn\u00e1latban a gy\u00e1rihoz k\u00e9pest alacsonyabb fogyaszt\u00e1st \u00e9rnek el. A Quadrifoglio v\u00e1ltozatok term\u00e9szetesen sokkal nagyobb \u00e9tv\u00e1ggyal j\u00e1rnak \u2013 ezek ink\u00e1bb \u00e9lm\u00e9nyaut\u00f3k, mint takar\u00e9kmodell.<\/p>\n","protected":false},"excerpt":{"rendered":"<p>A gy\u00e1sz els\u0151 mondatai elcsukl\u00f3 hangon hangzottak el. Bodrogi Gyula az Indexnek besz\u00e9lt, \u00e9s szavai m\u00f6g\u00f6tt m\u00e9ly f\u00e1jdalom h\u00faz\u00f3dott meg&#8230;. <span class=\"gridview-grid-post-read-more\"><a href=\"https:\/\/hirekegyhelyen.live\/napihirek\/gyasz-bodrogi-gyula-is-elbucsuzott-a-hajnali-orakban\/\">read more<span class=\"gridview-sr-only\"> Gy\u00e1sz: Bodrogi Gyula is elb\u00facs\u00fazott a hajnali \u00f3r\u00e1kban<\/span><\/a><\/span><\/p>\n","protected":false},"author":1,"featured_media":4412,"comment_status":"open","ping_status":"open","sticky":false,"template":"","format":"standard","meta":{"footnotes":""},"categories":[1],"tags":[],"class_list":["post-4411","post","type-post","status-publish","format-standard","has-post-thumbnail","hentry","category-egyeb","wpcat-1-id"],"_links":{"self":[{"href":"https:\/\/hirekegyhelyen.live\/napihirek\/wp-json\/wp\/v2\/posts\/4411","targetHints":{"allow":["GET"]}}],"collection":[{"href":"https:\/\/hirekegyhelyen.live\/napihirek\/wp-json\/wp\/v2\/posts"}],"about":[{"href":"https:\/\/hirekegyhelyen.live\/napihirek\/wp-json\/wp\/v2\/types\/post"}],"author":[{"embeddable":true,"href":"https:\/\/hirekegyhelyen.live\/napihirek\/wp-json\/wp\/v2\/users\/1"}],"replies":[{"embeddable":true,"href":"https:\/\/hirekegyhelyen.live\/napihirek\/wp-json\/wp\/v2\/comments?post=4411"}],"version-history":[{"count":1,"href":"https:\/\/hirekegyhelyen.live\/napihirek\/wp-json\/wp\/v2\/posts\/4411\/revisions"}],"predecessor-version":[{"id":4414,"href":"https:\/\/hirekegyhelyen.live\/napihirek\/wp-json\/wp\/v2\/posts\/4411\/revisions\/4414"}],"wp:featuredmedia":[{"embeddable":true,"href":"https:\/\/hirekegyhelyen.live\/napihirek\/wp-json\/wp\/v2\/media\/4412"}],"wp:attachment":[{"href":"https:\/\/hirekegyhelyen.live\/napihirek\/wp-json\/wp\/v2\/media?parent=4411"}],"wp:term":[{"taxonomy":"category","embeddable":true,"href":"https:\/\/hirekegyhelyen.live\/napihirek\/wp-json\/wp\/v2\/categories?post=4411"},{"taxonomy":"post_tag","embeddable":true,"href":"https:\/\/hirekegyhelyen.live\/napihirek\/wp-json\/wp\/v2\/tags?post=4411"}],"curies":[{"name":"wp","href":"https:\/\/api.w.org\/{rel}","templated":true}]}}