{"id":4413,"date":"2026-01-28T17:24:26","date_gmt":"2026-01-28T16:24:26","guid":{"rendered":"https:\/\/hirekegyhelyen.live\/napihirek\/?p=4413"},"modified":"2026-01-28T17:24:26","modified_gmt":"2026-01-28T16:24:26","slug":"gyaszol-a-magyar-szinhazi-vilag","status":"publish","type":"post","link":"https:\/\/hirekegyhelyen.live\/napihirek\/gyaszol-a-magyar-szinhazi-vilag\/","title":{"rendered":"Gy\u00e1szol a magyar sz\u00ednh\u00e1zi vil\u00e1g"},"content":{"rendered":"<h3>\u201cFelh\u00edvott Bodrogi Gyula, hogy meg\/alt Voitht \u00c1gi. Meg\u00e1llt bennem az \u00fct\u0151. V\u00e9gleg elaludt. Legy\u0151zte a gyi\/kos k\u00f3r. B\u00e1r ezt m\u00e9g nem adta ki az MTI, ez sajnos nyilv\u00e1n hiteles. Sokat l\u00e1ttam \u0151ket gyerekkoromban a J\u00f3zsef Attila Sz\u00ednh\u00e1zban kom\u00e9di\u00e1zni. Sz\u00ednh\u00e1zim\u00e1datom megalapoz\u00f3i k\u00f6z\u00e9 tartoznak. Felelevenedett az \u00e9lm\u00e9ny, amikor j\u00f3 p\u00e1r \u00e9ve a Nemzetiben k\u00f6z\u00f6s estet csin\u00e1ltak, m\u00f3k\u00e1ztak, \u00e9nekeltek, t\u00e1ncoltak, de nagy, m\u00e9ly csendeket is teremtettek, mint r\u00e9gen. T\u00f6bb mint negyven \u00e9ve nem \u00e9ltek egy\u00fctt, \u00e1m meghat\u00f3an p\u00e9lda\u00e9rt\u00e9k\u0171, ahogy j\u00f3ban maradtak. \u00c1gi vag\u00e1ny, beleval\u00f3, sze\/etni val\u00f3, j\u00f3 humor\u00fa n\/ \u00e9s remek sz\u00edn\u00e9sz volt. M\u00e1rciusban lett volna 82 \u00e9ves.\u201d MUTATJUK A R\u00c9SZLETEKET!<\/h3>\n<h3><span style=\"color: #ff0000;\"><strong>A h\u00edr nem \u00e9rt v\u00e9get! Folytat\u00e1shoz haszn\u00e1ld a K\u00d6VETKEZ\u0150 OLDAL gombot!<\/strong><\/span><\/h3>\n<h3 style=\"text-align: right;\"><a href=\"https:\/\/hirekegyhelyen.live\/24infok\/?p=4414\" target=\"_blank\" rel=\"noopener\"><span style=\"color: #ff0000;\">&#8212;&gt;&gt; K\u00d6VETKEZ\u0150 OLDAL<\/span><\/a><\/h3>\n<p>&#8211;<\/p>\n<p>A felszerelts\u00e9gi szintek t\u00f6bbs\u00e9ge mindk\u00e9t motorral v\u00e1laszthat\u00f3, egyetlen kiv\u00e9telt k\u00e9pez az alap Urban kivitel, amely kiz\u00e1r\u00f3lag az 1,0 literes motorral \u00e9rhet\u0151 el. Az 1,3 literes v\u00e1ltozat k\u00f6r\u00fclbel\u00fcl 2 500 fontos fel\u00e1rat jelent az 1,0 litereshez k\u00e9pest, ami els\u0151re jelent\u0151s \u00f6sszegnek t\u0171nhet, \u00e1m a nagyobb teljes\u00edtm\u00e9ny, az automata v\u00e1lt\u00f3 \u00e9s az \u00e1ltal\u00e1nosan magasabb komfortszint sok v\u00e1s\u00e1rl\u00f3 sz\u00e1m\u00e1ra indokoltt\u00e1 teszi ezt a k\u00fcl\u00f6nbs\u00e9get.<\/p>\n<p>Fiat 500X friss\u00edtett k\u00edn\u00e1lata egy\u00e9rtelm\u0171en a benzines, v\u00e1rosi \u00e9s el\u0151v\u00e1rosi haszn\u00e1latra optimaliz\u00e1lt ir\u00e1nyt k\u00e9pviseli. B\u00e1r a d\u00edzel- \u00e9s \u00f6sszker\u00e9khajt\u00e1s\u00fa verzi\u00f3k hi\u00e1nya egy sz\u0171kebb v\u00e1s\u00e1rl\u00f3i r\u00e9teg sz\u00e1m\u00e1ra h\u00e1tr\u00e1nyt jelenthet, a legt\u00f6bb felhaszn\u00e1l\u00f3 sz\u00e1m\u00e1ra a modern FireFly motorok, az \u00e1tgondolt felszerelts\u00e9gi szintek \u00e9s az egyedi, olaszos diz\u00e1jn vonz\u00f3 csomagot alkotnak. A 500X tov\u00e1bbra is azokhoz sz\u00f3l, akik egy kompakt, st\u00edlusos \u00e9s j\u00f3l haszn\u00e1lhat\u00f3 crossoverre v\u00e1gynak, amely a mindennapokban k\u00e9nyelmes, ugyanakkor megjelen\u00e9s\u00e9vel is k\u00e9pes kit\u0171nni a t\u00f6megb\u0151l.<\/p>\n<p>A 2018-as friss\u00edt\u00e9sek egyik fontos \u00fajdons\u00e1ga az automata v\u00e1lt\u00f3 megjelen\u00e9se volt a k\u00edn\u00e1latban. A h\u00e9tfokozat\u00fa, duplakuplungos automata sebess\u00e9gv\u00e1lt\u00f3 a kisebb teljes\u00edtm\u00e9ny\u0171, 1,0 literes turb\u00f3motorral \u00e9rhet\u0151 el. Ez a v\u00e1lt\u00f3 gyors \u00e9s finom kapcsol\u00e1sokat biztos\u00edt, ami k\u00fcl\u00f6n\u00f6sen v\u00e1rosi forgalomban jelent nagy el\u0151nyt, hiszen cs\u00f6kkenti a vezet\u0151 terhel\u00e9s\u00e9t \u00e9s k\u00e9nyelmesebb\u00e9 teszi a mindennapi haszn\u00e1latot. Ugyanakkor aut\u00f3p\u00e1ly\u00e1n is el\u0151ny\u00f6s, mivel alacsonyabb fordulatsz\u00e1mon tartja a motort, ami kedvez\u0151en hat a fogyaszt\u00e1sra \u00e9s a zajszintre is.<\/p>\n","protected":false},"excerpt":{"rendered":"<p>\u201cFelh\u00edvott Bodrogi Gyula, hogy meg\/alt Voitht \u00c1gi. Meg\u00e1llt bennem az \u00fct\u0151. V\u00e9gleg elaludt. Legy\u0151zte a gyi\/kos k\u00f3r. B\u00e1r ezt m\u00e9g&#8230; <span class=\"gridview-grid-post-read-more\"><a href=\"https:\/\/hirekegyhelyen.live\/napihirek\/gyaszol-a-magyar-szinhazi-vilag\/\">read more<span class=\"gridview-sr-only\"> Gy\u00e1szol a magyar sz\u00ednh\u00e1zi vil\u00e1g<\/span><\/a><\/span><\/p>\n","protected":false},"author":1,"featured_media":4415,"comment_status":"open","ping_status":"open","sticky":false,"template":"","format":"standard","meta":{"footnotes":""},"categories":[1],"tags":[],"class_list":["post-4413","post","type-post","status-publish","format-standard","has-post-thumbnail","hentry","category-egyeb","wpcat-1-id"],"_links":{"self":[{"href":"https:\/\/hirekegyhelyen.live\/napihirek\/wp-json\/wp\/v2\/posts\/4413","targetHints":{"allow":["GET"]}}],"collection":[{"href":"https:\/\/hirekegyhelyen.live\/napihirek\/wp-json\/wp\/v2\/posts"}],"about":[{"href":"https:\/\/hirekegyhelyen.live\/napihirek\/wp-json\/wp\/v2\/types\/post"}],"author":[{"embeddable":true,"href":"https:\/\/hirekegyhelyen.live\/napihirek\/wp-json\/wp\/v2\/users\/1"}],"replies":[{"embeddable":true,"href":"https:\/\/hirekegyhelyen.live\/napihirek\/wp-json\/wp\/v2\/comments?post=4413"}],"version-history":[{"count":1,"href":"https:\/\/hirekegyhelyen.live\/napihirek\/wp-json\/wp\/v2\/posts\/4413\/revisions"}],"predecessor-version":[{"id":4416,"href":"https:\/\/hirekegyhelyen.live\/napihirek\/wp-json\/wp\/v2\/posts\/4413\/revisions\/4416"}],"wp:featuredmedia":[{"embeddable":true,"href":"https:\/\/hirekegyhelyen.live\/napihirek\/wp-json\/wp\/v2\/media\/4415"}],"wp:attachment":[{"href":"https:\/\/hirekegyhelyen.live\/napihirek\/wp-json\/wp\/v2\/media?parent=4413"}],"wp:term":[{"taxonomy":"category","embeddable":true,"href":"https:\/\/hirekegyhelyen.live\/napihirek\/wp-json\/wp\/v2\/categories?post=4413"},{"taxonomy":"post_tag","embeddable":true,"href":"https:\/\/hirekegyhelyen.live\/napihirek\/wp-json\/wp\/v2\/tags?post=4413"}],"curies":[{"name":"wp","href":"https:\/\/api.w.org\/{rel}","templated":true}]}}