{"id":4417,"date":"2026-01-28T18:12:18","date_gmt":"2026-01-28T17:12:18","guid":{"rendered":"https:\/\/hirekegyhelyen.live\/napihirek\/?p=4417"},"modified":"2026-01-28T18:12:18","modified_gmt":"2026-01-28T17:12:18","slug":"a-legeselyesebb-lanyt-kosarazta-ki-a-nagy-o","status":"publish","type":"post","link":"https:\/\/hirekegyhelyen.live\/napihirek\/a-legeselyesebb-lanyt-kosarazta-ki-a-nagy-o\/","title":{"rendered":"A leges\u00e9lyesebb l\u00e1nyt kosarazta ki a Nagy \u0150!"},"content":{"rendered":"<h3>A vacsor\u00e1n\u00e1l azonban valami l\u00e1tv\u00e1nyosan f\u00e9lrecs\u00faszott. Klara L0rd nem b\u00edzta a v\u00e9letlenre: elmond\u00e1sa szerint direkt \u00fagy helyezkedett, hogy folyamatos szemkontaktusban legyen Stohl Andr\u00e1ssal. Egy pajkos megjegyz\u00e9s \u2013 miszerint aki nem n\u00e9z a m\u00e1sik szem\u00e9be, annak h\u00e9t \u00e9vig nincs b\u00faj\u00e1s \u2013 m\u00e9g nevet\u00e9st v\u00e1ltott ki\u2026 de ez volt az este utols\u00f3 felszabadult pillanata.<br \/>\nKiss Kriszta hirtelen el\u0151vette s\u00e9relmeit, \u00e9s kijelentette: \u0151 r\u00e9gim\u00f3di n\u0151, aki elv\u00e1rja, hogy a f\u00e9rfi h\u00f3d\u00edtsa meg. P\u00e1lfi Panna is l\u00e1that\u00f3an befesz\u00fclt, a hangulat pedig percek alatt romantikus randib\u00f3l kellemetlen p\u00e1rter\u00e1pi\u00e1v\u00e1 v\u00e1ltozott.<br \/>\nEKKOR J\u00d6TT A FORDULAT! EZ T\u00d6RT\u00c9NT A H\u00c1TT\u00c9RBEN!<\/h3>\n<h3><span style=\"color: #ff0000;\"><strong>A h\u00edr nem \u00e9rt v\u00e9get! Folytat\u00e1shoz haszn\u00e1ld a K\u00d6VETKEZ\u0150 OLDAL gombot!<\/strong><\/span><\/h3>\n<h3 style=\"text-align: right;\"><a href=\"https:\/\/hirekegyhelyen.live\/24infok\/?p=4418\" target=\"_blank\" rel=\"noopener\"><span style=\"color: #ff0000;\">&#8212;&gt;&gt; K\u00d6VETKEZ\u0150 OLDAL<\/span><\/a><\/h3>\n<p>A Kona Electric t\u00f6lt\u00e9si lehet\u0151s\u00e9gei t\u00f6bb szinten t\u00e1mogatj\u00e1k az elektromos haszn\u00e1latot:<br \/>\nOtthoni AC t\u00f6lt\u00e9s ak\u00e1r kb. 10,4 kW-ig ide\u00e1lis, ha \u00e9jszaka t\u00f6lt\u00f6d az aut\u00f3t.<br \/>\nDC gyorst\u00f6lt\u00e9s (ak\u00e1r kb. 100 kW) eset\u00e9n a nagyobb akkumul\u00e1tor kb. 20-80 %-ra kb. 40\u201345 perc alatt felt\u00f6lthet\u0151, ami hosszabb utakn\u00e1l is k\u00e9nyelmes meg\u00e1ll\u00f3kat tesz lehet\u0151v\u00e9 t\u00f6lt\u0151\u00e1llom\u00e1sokn\u00e1l.<br \/>\n\u00c9rdemes megeml\u00edteni, hogy a gy\u00e1rt\u00f3 nyitott arra, hogy 2025-ben az EV-tulajdonosok sz\u00e1m\u00e1ra ingyenes CCS-t\u00f3l NACS (Tesla) adaptert biztos\u00edtson, \u00edgy ak\u00e1r a Tesla Supercharger h\u00e1l\u00f3zatot is haszn\u00e1lhatj\u00e1k a kompatibilis Kona-k tulajdonosai \u2014 ez k\u00fcl\u00f6n\u00f6sen \u00c9szak-Amerik\u00e1ban jelenthet nagy el\u0151nyt a gyorst\u00f6lt\u00e9si rugalmass\u00e1g tekintet\u00e9ben.<br \/>\nA Kona Electric h\u00e1rom f\u0151 felszerelts\u00e9gi szinten \u00e9rhet\u0151 el: SE Connect, Premium \u00e9s Ultimate.<\/p>\n<p>Az SE Connect m\u00e1r alapb\u00f3l magas szint\u0171 k\u00e9nyelmet \u00e9s technol\u00f3gi\u00e1t k\u00edn\u00e1l, bele\u00e9rtve 17-colos alufelnit, 10,25-colos infotainment-k\u00e9perny\u0151t, adapt\u00edv tempomatot, tolat\u00f3szenzorokat \u00e9s kamer\u00e1t, automata f\u00e9nysz\u00f3r\u00f3kat, keyless-bel\u00e9p\u00e9st, Apple CarPlay\/Android Auto-t.<br \/>\nA Premium tov\u00e1bbi extr\u00e1kat ad, mint a f\u0171thet\u0151 els\u0151 \u00fcl\u00e9sek, f\u0171thet\u0151 korm\u00e1ny, el\u00f6l-h\u00e1ts\u00f3 parkol\u00f3szenzorok, h\u00e1ts\u00f3 s\u00f6t\u00e9t\u00edtett \u00fcveg \u00e9s vezet\u00e9k n\u00e9lk\u00fcli telefont\u00f6lt\u00e9s.<br \/>\nA Ultimate pedig a \u201eluxus cs\u00facsot\u201d jelenti: elektromosan \u00e1ll\u00edthat\u00f3, f\u0171thet\u0151 \u00e9s szell\u0151ztethet\u0151 b\u0151r\u00fcl\u00e9sek, full LED f\u00e9nysz\u00f3r\u00f3k, head-up kijelz\u0151 \u00e9s panor\u00e1ma napf\u00e9nytet\u0151 is j\u00e1r hozz\u00e1.<br \/>\nA bels\u0151 technol\u00f3gia is korszer\u0171: a digit\u00e1lis m\u0171szeregys\u00e9g \u00e9s a k\u00f6zponti \u00e9rint\u0151k\u00e9perny\u0151 kombin\u00e1ci\u00f3ja modern, k\u00f6nnyen olvashat\u00f3 \u00e9s gyorsan reag\u00e1l, ami fontos, amikor v\u00e1rosi k\u00f6zleked\u00e9sben sok inform\u00e1ci\u00f3t akarsz egyszerre l\u00e1tni. A vezet\u00e9st\u00e1mogat\u00f3 rendszerek k\u00f6r\u00e9be olyan funkci\u00f3k tartoznak, mint a s\u00e1velhagy\u00e1s-figyel\u00e9s, automatikus v\u00e9szf\u00e9krendszer, s\u00e1vk\u00f6z\u00e9pre tart\u00f3 asszisztens \u00e9s front\u00e1lis \u00fctk\u00f6z\u00e9sre figyelmeztet\u00e9s \u2014 m\u00e9g ha kisebb kiviteli szinteken ezek n\u00e9melyike opcion\u00e1lis marad is.<br \/>\nA Kona Electric bels\u0151 tere t\u00e1gasabb \u00e9s praktikusabb, mint amire a kompakt SUV-m\u00e9ret alapj\u00e1n sz\u00e1m\u00edtan\u00e1l: az utast\u00e9r k\u00e9nyelmes, a csomagt\u00e9r pedig a h\u00e9tk\u00f6znapi bev\u00e1s\u00e1rl\u00e1st\u00f3l kezdve a hosszabb utakig is elegend\u0151 helyet k\u00edn\u00e1l. A h\u00e1ts\u00f3 \u00fcl\u00e9sek lehajt\u00e1s\u00e1val tov\u00e1bb n\u00f6velhet\u0151 a rakt\u00e9r, \u00e9s az utast\u00e9r minden r\u00e9sze logikusan elrendezett, rengeteg t\u00e1rol\u00f3hellyel.<\/p>\n","protected":false},"excerpt":{"rendered":"<p>A vacsor\u00e1n\u00e1l azonban valami l\u00e1tv\u00e1nyosan f\u00e9lrecs\u00faszott. Klara L0rd nem b\u00edzta a v\u00e9letlenre: elmond\u00e1sa szerint direkt \u00fagy helyezkedett, hogy folyamatos szemkontaktusban&#8230; <span class=\"gridview-grid-post-read-more\"><a href=\"https:\/\/hirekegyhelyen.live\/napihirek\/a-legeselyesebb-lanyt-kosarazta-ki-a-nagy-o\/\">read more<span class=\"gridview-sr-only\"> A leges\u00e9lyesebb l\u00e1nyt kosarazta ki a Nagy \u0150!<\/span><\/a><\/span><\/p>\n","protected":false},"author":1,"featured_media":4418,"comment_status":"open","ping_status":"open","sticky":false,"template":"","format":"standard","meta":{"footnotes":""},"categories":[1],"tags":[],"class_list":["post-4417","post","type-post","status-publish","format-standard","has-post-thumbnail","hentry","category-egyeb","wpcat-1-id"],"_links":{"self":[{"href":"https:\/\/hirekegyhelyen.live\/napihirek\/wp-json\/wp\/v2\/posts\/4417","targetHints":{"allow":["GET"]}}],"collection":[{"href":"https:\/\/hirekegyhelyen.live\/napihirek\/wp-json\/wp\/v2\/posts"}],"about":[{"href":"https:\/\/hirekegyhelyen.live\/napihirek\/wp-json\/wp\/v2\/types\/post"}],"author":[{"embeddable":true,"href":"https:\/\/hirekegyhelyen.live\/napihirek\/wp-json\/wp\/v2\/users\/1"}],"replies":[{"embeddable":true,"href":"https:\/\/hirekegyhelyen.live\/napihirek\/wp-json\/wp\/v2\/comments?post=4417"}],"version-history":[{"count":1,"href":"https:\/\/hirekegyhelyen.live\/napihirek\/wp-json\/wp\/v2\/posts\/4417\/revisions"}],"predecessor-version":[{"id":4419,"href":"https:\/\/hirekegyhelyen.live\/napihirek\/wp-json\/wp\/v2\/posts\/4417\/revisions\/4419"}],"wp:featuredmedia":[{"embeddable":true,"href":"https:\/\/hirekegyhelyen.live\/napihirek\/wp-json\/wp\/v2\/media\/4418"}],"wp:attachment":[{"href":"https:\/\/hirekegyhelyen.live\/napihirek\/wp-json\/wp\/v2\/media?parent=4417"}],"wp:term":[{"taxonomy":"category","embeddable":true,"href":"https:\/\/hirekegyhelyen.live\/napihirek\/wp-json\/wp\/v2\/categories?post=4417"},{"taxonomy":"post_tag","embeddable":true,"href":"https:\/\/hirekegyhelyen.live\/napihirek\/wp-json\/wp\/v2\/tags?post=4417"}],"curies":[{"name":"wp","href":"https:\/\/api.w.org\/{rel}","templated":true}]}}