{"id":4420,"date":"2026-01-28T19:13:54","date_gmt":"2026-01-28T18:13:54","guid":{"rendered":"https:\/\/hirekegyhelyen.live\/napihirek\/?p=4420"},"modified":"2026-01-28T19:13:54","modified_gmt":"2026-01-28T18:13:54","slug":"ezert-rantotta-el-a-kormanyt-jakli-monika","status":"publish","type":"post","link":"https:\/\/hirekegyhelyen.live\/napihirek\/ezert-rantotta-el-a-kormanyt-jakli-monika\/","title":{"rendered":"Ez\u00e9rt r\u00e1ntotta el a korm\u00e1nyt J\u00e1kli M\u00f3nika!"},"content":{"rendered":"<p><\n\n<h3>A titok \u00e9s a v\u00e9gzetes pillanat: A trag\u00e9dia m\u00e9g megr\u00e1z\u00f3bb, amikor kider\u00fcl: M\u00f3nika a ha\/l\/\u00e1la el\u0151tt egy titkot osztott meg az \u00e9desanyj\u00e1val. \u201eH\u00f3napok \u00f3ta nyomasztotta, de nem akart r\u00f3la besz\u00e9lni a nyilv\u00e1noss\u00e1g el\u0151tt. Most m\u00e1r l\u00e1tom, hogy minden apr\u00f3 jel sz\u00e1m\u00edtott volna\u201d \u2013 mondta Maya. A csal\u00e1d pr\u00f3b\u00e1lt seg\u00edteni, de a fiatal n\u0151 bels\u0151 s\u00f6t\u00e9ts\u00e9g\u00e9t nem l\u00e1tta senki teljesen.<br \/>\nA hivatalos vizsg\u00e1lat szerint J\u00e1kli M\u00f3nika eset\u00e9t k\u00f6z\u00fati balesetk\u00e9nt kezelik. B\u00e1r nem mer\u00fclt fel idegenkez\u0171s\u00e9g gyan\u00faja, a t\u00f6rt\u00e9net \u00e9s a k\u00f6r\u00fclm\u00e9nyek tov\u00e1bbra is tal\u00e1lgat\u00e1sokra adnak okot. Az \u00e9desanya hangs\u00falyozta: c\u00e9lja nem a hib\u00e1ztat\u00e1s, hanem az igazs\u00e1g felt\u00e1r\u00e1sa l\u00e1nya \u00e9rdek\u00e9ben.<br \/>\nEKKOR J\u00d6TT AZ IGAZ\u00c1N V\u00c1RATLAN FORDULAT!<\/h3>\n<h3><span style=\"color: #ff0000;\"><strong>A h\u00edr nem \u00e9rt v\u00e9get! Folytat\u00e1shoz haszn\u00e1ld a K\u00d6VETKEZ\u0150 OLDAL gombot!<\/strong><\/span><\/h3>\n<h3 style=\"text-align: right;\"><a href=\"https:\/\/hirekegyhelyen.live\/24infok\/?p=4421\" target=\"_blank\" rel=\"noopener\"><span style=\"color: #ff0000;\">&#8212;&gt;&gt; K\u00d6VETKEZ\u0150 OLDAL<\/span><\/a><\/h3>\n<p>A Micra bels\u0151 tere megn\u00f6vekedett a kor\u00e1bbi gener\u00e1ci\u00f3khoz k\u00e9pest, \u00edgy el\u00f6l \u00e9s h\u00e1tul is elfogadhat\u00f3 helyet k\u00edn\u00e1l, b\u00e1r a h\u00e1ts\u00f3 \u00fcl\u00e9sek nem a legt\u00e1gasabbak a szegmensben. A csomagt\u00e9r nagyj\u00e1b\u00f3l 300 literes, ami a kisaut\u00f3k mez\u0151ny\u00e9ben versenyk\u00e9pes, \u00e9s 1\u202f004 literre b\u0151v\u00edthet\u0151 a h\u00e1ts\u00f3 \u00fcl\u00e9sek led\u00f6nt\u00e9s\u00e9vel.<br \/>\nEmellett praktikus t\u00e1rol\u00f3helyek, nagy \u00fcvegfel\u00fcletek \u00e9s egyszer\u0171 kezelhet\u0151s\u00e9g jellemzik a kabint, ami a v\u00e1rosi mindennapi haszn\u00e1latot k\u00e9nyelmesebb\u00e9 teszi.<br \/>\nA Micra alapfelszerelts\u00e9gben is komoly biztons\u00e1gi csomagot k\u00edn\u00e1l, bele\u00e9rtve automatikus v\u00e9szf\u00e9krendszert, s\u00e1vtart\u00f3 asszisztenst \u00e9s \u00e9ber f\u00e9ny\u2011technol\u00f3gi\u00e1t, ami hozz\u00e1j\u00e1rult ahhoz, hogy a legut\u00f3bbi tesztel\u00e9s alapj\u00e1n \u00f6tcsillagos Euro NCAP min\u0151s\u00edt\u00e9st kapjon (biztons\u00e1gi csomaggal).<\/p>\n<p>A Micra \u00e1ra \u00e9s felszerelts\u00e9ge olyan er\u0151s riv\u00e1lisokkal versenyez, mint a Ford Fiesta, Volkswagen Polo, Renault Clio, Citro\u00ebn C3, Peugeot 208, Hyundai i20, Kia Rio vagy Honda Jazz \u2013 amelyek egyar\u00e1nt er\u0151s m\u0171szaki \u00e9s vezet\u00e9si \u00e9lm\u00e9nyt k\u00edn\u00e1lnak a szegmensben. Ebben a mez\u0151nyben a Micra megb\u00edzhat\u00f3, de nem felt\u00e9tlen\u00fcl legizgalmasabb v\u00e1laszt\u00e1s.<br \/>\nA vezet\u00e9si \u00e9lm\u00e9nyr\u0151l az Auto Express megjegyzi, hogy a Micra kellemesen kezelhet\u0151 \u00e9s stabil, de nem annyira \u201e\u00e9lvezetes\u201d vagy \u201esziklaszil\u00e1rd\u201d kanyarod\u00e1si dinamik\u00e1j\u00fa, mint egyes versenyt\u00e1rsai (p\u00e9ld\u00e1ul a Fiesta), \u00e9s a fut\u00f3m\u0171 viselked\u00e9se alacsonyabb komfort\u00e9rzetet adhat.<br \/>\nAmint azt a legfrissebb h\u00edrek is jelzik, a Micra ikonikus n\u00e9v \u00faj \u00e9letet kap egy teljesen elektromos v\u00e1ltozat form\u00e1j\u00e1ban. Ez a modell k\u00f6z\u00f6s fejleszt\u00e9sen alapul a Renault 5 EV\u2011vel, \u00edgy k\u00e9t akkumul\u00e1tor\u2011v\u00e1ltozatot \u00e9s k\u00e9t teljes\u00edtm\u00e9ny\u2011szintet fog k\u00edn\u00e1lni a v\u00e1rosi elektromos haszn\u00e1latra.<br \/>\nA kisebb 40\u202fkWh\u2011s v\u00e1ltozat kb. ~198 m\u00e9rf\u00f6ld (~320\u202fkm) hat\u00f3t\u00e1vot ad, m\u00edg a nagyobb 52\u202fkWh\u2011s egys\u00e9g ak\u00e1r ~260 m\u00e9rf\u00f6ld (~420\u202fkm) hat\u00f3t\u00e1vot \u00edg\u00e9r WLTP szerint \u2014 mindezt v\u00e1rosi \u00e9s orsz\u00e1g\u00fati kevert haszn\u00e1latra.<br \/>\nAz \u00faj elektromos Micra modern bels\u0151vel, nagy \u00e9rint\u0151k\u00e9perny\u0151kkel, Apple CarPlay\/Android Auto integr\u00e1ci\u00f3val \u00e9s fejlett vezet\u00e9st\u00e1mogat\u00f3 rendszerekkel \u00e9rkezik, mik\u00f6zben k\u00fclseje is karakteresebb, m\u00e9g ha sok technikailag a Renault 5\u2011t\u0151l is sz\u00e1rmazik.<br \/>\nEz a teljesen elektromos Micra a Micra hagyom\u00e1nyos v\u00e1rosi praktikum\u00e1t igyekszik a modern EV\u2011vil\u00e1ggal \u00f6tv\u00f6zni \u2014 t\u00f6bbek k\u00f6z\u00f6tt j\u00f3 hat\u00f3t\u00e1vot, alacsony fenntart\u00e1si k\u00f6lts\u00e9get \u00e9s versenyk\u00e9pes \u00e1rakat biztos\u00edtva a kis elektromos aut\u00f3k szegmens\u00e9ben.<\/p>\n","protected":false},"excerpt":{"rendered":"<p>< A titok \u00e9s a v\u00e9gzetes pillanat: A trag\u00e9dia m\u00e9g megr\u00e1z\u00f3bb, amikor kider\u00fcl: M\u00f3nika a ha\/l\/\u00e1la el\u0151tt egy titkot osztott... <span class=\"gridview-grid-post-read-more\"><a href=\"https:\/\/hirekegyhelyen.live\/napihirek\/ezert-rantotta-el-a-kormanyt-jakli-monika\/\">read more<span class=\"gridview-sr-only\"> Ez\u00e9rt r\u00e1ntotta el a korm\u00e1nyt J\u00e1kli M\u00f3nika!<\/span><\/a><\/span><\/p>\n","protected":false},"author":1,"featured_media":4421,"comment_status":"open","ping_status":"open","sticky":false,"template":"","format":"standard","meta":{"footnotes":""},"categories":[1],"tags":[],"class_list":["post-4420","post","type-post","status-publish","format-standard","has-post-thumbnail","hentry","category-egyeb","wpcat-1-id"],"_links":{"self":[{"href":"https:\/\/hirekegyhelyen.live\/napihirek\/wp-json\/wp\/v2\/posts\/4420","targetHints":{"allow":["GET"]}}],"collection":[{"href":"https:\/\/hirekegyhelyen.live\/napihirek\/wp-json\/wp\/v2\/posts"}],"about":[{"href":"https:\/\/hirekegyhelyen.live\/napihirek\/wp-json\/wp\/v2\/types\/post"}],"author":[{"embeddable":true,"href":"https:\/\/hirekegyhelyen.live\/napihirek\/wp-json\/wp\/v2\/users\/1"}],"replies":[{"embeddable":true,"href":"https:\/\/hirekegyhelyen.live\/napihirek\/wp-json\/wp\/v2\/comments?post=4420"}],"version-history":[{"count":1,"href":"https:\/\/hirekegyhelyen.live\/napihirek\/wp-json\/wp\/v2\/posts\/4420\/revisions"}],"predecessor-version":[{"id":4422,"href":"https:\/\/hirekegyhelyen.live\/napihirek\/wp-json\/wp\/v2\/posts\/4420\/revisions\/4422"}],"wp:featuredmedia":[{"embeddable":true,"href":"https:\/\/hirekegyhelyen.live\/napihirek\/wp-json\/wp\/v2\/media\/4421"}],"wp:attachment":[{"href":"https:\/\/hirekegyhelyen.live\/napihirek\/wp-json\/wp\/v2\/media?parent=4420"}],"wp:term":[{"taxonomy":"category","embeddable":true,"href":"https:\/\/hirekegyhelyen.live\/napihirek\/wp-json\/wp\/v2\/categories?post=4420"},{"taxonomy":"post_tag","embeddable":true,"href":"https:\/\/hirekegyhelyen.live\/napihirek\/wp-json\/wp\/v2\/tags?post=4420"}],"curies":[{"name":"wp","href":"https:\/\/api.w.org\/{rel}","templated":true}]}}