{"id":4423,"date":"2026-01-28T20:50:18","date_gmt":"2026-01-28T19:50:18","guid":{"rendered":"https:\/\/hirekegyhelyen.live\/napihirek\/?p=4423"},"modified":"2026-01-28T20:50:18","modified_gmt":"2026-01-28T19:50:18","slug":"stohl-andras-hatalmas-dramaja","status":"publish","type":"post","link":"https:\/\/hirekegyhelyen.live\/napihirek\/stohl-andras-hatalmas-dramaja\/","title":{"rendered":"Stohl Andr\u00e1s hatalmas dr\u00e1m\u00e1ja"},"content":{"rendered":"<h3>K\/ar\u00e1n k\u00edv\u00fcl h\u00e1rom m\u00e1sik n\/ is megfogta Andr\u00e1st: Kriszta \u00e9s Gina kapt\u00e1k \u201eaz els\u0151 ben\/om\u00e1s\u201d kark\u00f6t\u0151j\u00e9t, miut\u00e1n \u0151k ketten keltett\u00e9k fel legink\u00e1bb a Nagy \u0150 \u00e9rdekl\u0151d\u00e9s\u00e9t, j\u00f3llehet Pann\u00e1val r\u00f6gt\u00f6n fl\u00f6rt\u00f6lni kezdtek. Felr\/bbant az in\/ernet, miut\u00e1n a hazai szt\u00e1rvil\u00e1g k\u00e9t ikonikus alakja, K\/ara, a mindig sz\/kim\/nd\u00f3 d\/va, \u00e9s Stohl Andr\u00e1s, az orsz\u00e1g egyik legismertebb sz\u00edn\u00e9sz-m\u0171sorvezet\u0151je \u00fajra a figyelem k\u00f6z\u00e9ppontj\u00e1ba ker\u00fclt K\/ara ter\/ess\u00e9ge miatt! MUTATJUK A R\u00c9SZLETEKET!<\/h3>\n<h3><span style=\"color: #ff0000;\"><strong>A h\u00edr nem \u00e9rt v\u00e9get! Folytat\u00e1shoz haszn\u00e1ld a K\u00d6VETKEZ\u0150 OLDAL gombot!<\/strong><\/span><\/h3>\n<h3 style=\"text-align: right;\"><a href=\"https:\/\/hirekegyhelyen.live\/24infok\/?p=4424\" target=\"_blank\" rel=\"noopener\"><span style=\"color: #ff0000;\">&#8212;&gt;&gt; K\u00d6VETKEZ\u0150 OLDAL<\/span><\/a><\/h3>\n<p>&#8211;<\/p>\n<p>Az el\u00e9rhet\u0151 extr\u00e1k k\u00f6z\u00f6tt szerepel a rakt\u00e9rburkolat, valamint az \u00fagynevezett Smart Cargo rendszer is. Ez ut\u00f3bbi megold\u00e1s jelent\u0151sen n\u00f6veli az aut\u00f3 praktikuss\u00e1g\u00e1t, mivel egy m\u00e1sodik els\u0151 utas\u00fcl\u00e9st \u00e9s egy \u00e1tpakolhat\u00f3 v\u00e1laszfalat tartalmaz, amely lehet\u0151v\u00e9 teszi a hosszabb t\u00e1rgyak sz\u00e1ll\u00edt\u00e1s\u00e1t is. A Smart Cargo rendszer kiz\u00e1r\u00f3lag az L1-es furgonv\u00e1ltozathoz rendelhet\u0151, opci\u00f3k\u00e9nt, \u00edgy els\u0151sorban azok sz\u00e1m\u00e1ra lehet vonz\u00f3, akik gyakran sz\u00e1ll\u00edtanak l\u00e9tr\u00e1kat, cs\u00f6veket vagy m\u00e1s, a rakt\u00e9r alapm\u00e9reteit meghalad\u00f3 eszk\u00f6z\u00f6ket. Ez a megold\u00e1s k\u00fcl\u00f6n\u00f6sen kisv\u00e1llalkoz\u00f3k \u00e9s k\u00e9zm\u0171ves szakemberek sz\u00e1m\u00e1ra jelenthet nagy el\u0151nyt, hiszen egy kompakt m\u00e9ret\u0171 furgonban is megoldhat\u00f3v\u00e1 v\u00e1lik a rugalmas \u00e1rusz\u00e1ll\u00edt\u00e1s.<\/p>\n<p>Biztons\u00e1gi \u00e9s vezet\u00e9st\u00e1mogat\u00f3 rendszerek tekintet\u00e9ben a Toyota el\u00e9g szigor\u00faan k\u00f6ti az egyes funkci\u00f3kat a felszerelts\u00e9gi szintekhez. Riaszt\u00f3, amely mozg\u00e1s- \u00e9s behatol\u00e1s\u00e9rz\u00e9kel\u0151 szenzorokkal van ell\u00e1tva, kiz\u00e1r\u00f3lag az Icon felszerelts\u00e9g\u0171 modellekhez \u00e9rhet\u0151 el. Ugyanez igaz a Toyota Safety Sense csomagra is, amely szint\u00e9n csak az Icon kivitelekn\u00e9l rendelhet\u0151. Ez a rendszer olyan modern vezet\u00e9st\u00e1mogat\u00f3 funkci\u00f3kat foglal mag\u00e1ban, mint a k\u00f6zleked\u00e9si t\u00e1bl\u00e1k felismer\u00e9se, a s\u00e1velhagy\u00e1sra figyelmeztet\u0151 rendszer, valamint a f\u00e1radts\u00e1gfigyel\u0151 asszisztens. Ezek az extr\u00e1k nemcsak a biztons\u00e1got n\u00f6velik, hanem hosszabb utak sor\u00e1n is seg\u00edtik a sof\u0151rt abban, hogy frissebb \u00e9s koncentr\u00e1ltabb maradjon, ami k\u00fcl\u00f6n\u00f6sen fontos lehet egy munk\u00e1ra haszn\u00e1lt haszonj\u00e1rm\u0171 eset\u00e9ben.<\/p>\n","protected":false},"excerpt":{"rendered":"<p>K\/ar\u00e1n k\u00edv\u00fcl h\u00e1rom m\u00e1sik n\/ is megfogta Andr\u00e1st: Kriszta \u00e9s Gina kapt\u00e1k \u201eaz els\u0151 ben\/om\u00e1s\u201d kark\u00f6t\u0151j\u00e9t, miut\u00e1n \u0151k ketten keltett\u00e9k&#8230; <span class=\"gridview-grid-post-read-more\"><a href=\"https:\/\/hirekegyhelyen.live\/napihirek\/stohl-andras-hatalmas-dramaja\/\">read more<span class=\"gridview-sr-only\"> Stohl Andr\u00e1s hatalmas dr\u00e1m\u00e1ja<\/span><\/a><\/span><\/p>\n","protected":false},"author":1,"featured_media":4424,"comment_status":"open","ping_status":"open","sticky":false,"template":"","format":"standard","meta":{"footnotes":""},"categories":[1],"tags":[],"class_list":["post-4423","post","type-post","status-publish","format-standard","has-post-thumbnail","hentry","category-egyeb","wpcat-1-id"],"_links":{"self":[{"href":"https:\/\/hirekegyhelyen.live\/napihirek\/wp-json\/wp\/v2\/posts\/4423","targetHints":{"allow":["GET"]}}],"collection":[{"href":"https:\/\/hirekegyhelyen.live\/napihirek\/wp-json\/wp\/v2\/posts"}],"about":[{"href":"https:\/\/hirekegyhelyen.live\/napihirek\/wp-json\/wp\/v2\/types\/post"}],"author":[{"embeddable":true,"href":"https:\/\/hirekegyhelyen.live\/napihirek\/wp-json\/wp\/v2\/users\/1"}],"replies":[{"embeddable":true,"href":"https:\/\/hirekegyhelyen.live\/napihirek\/wp-json\/wp\/v2\/comments?post=4423"}],"version-history":[{"count":1,"href":"https:\/\/hirekegyhelyen.live\/napihirek\/wp-json\/wp\/v2\/posts\/4423\/revisions"}],"predecessor-version":[{"id":4425,"href":"https:\/\/hirekegyhelyen.live\/napihirek\/wp-json\/wp\/v2\/posts\/4423\/revisions\/4425"}],"wp:featuredmedia":[{"embeddable":true,"href":"https:\/\/hirekegyhelyen.live\/napihirek\/wp-json\/wp\/v2\/media\/4424"}],"wp:attachment":[{"href":"https:\/\/hirekegyhelyen.live\/napihirek\/wp-json\/wp\/v2\/media?parent=4423"}],"wp:term":[{"taxonomy":"category","embeddable":true,"href":"https:\/\/hirekegyhelyen.live\/napihirek\/wp-json\/wp\/v2\/categories?post=4423"},{"taxonomy":"post_tag","embeddable":true,"href":"https:\/\/hirekegyhelyen.live\/napihirek\/wp-json\/wp\/v2\/tags?post=4423"}],"curies":[{"name":"wp","href":"https:\/\/api.w.org\/{rel}","templated":true}]}}