{"id":4426,"date":"2026-01-29T15:05:50","date_gmt":"2026-01-29T14:05:50","guid":{"rendered":"https:\/\/hirekegyhelyen.live\/napihirek\/?p=4426"},"modified":"2026-01-29T15:05:50","modified_gmt":"2026-01-29T14:05:50","slug":"tragedia-a-bajcsy-zsilinszky-korhazban","status":"publish","type":"post","link":"https:\/\/hirekegyhelyen.live\/napihirek\/tragedia-a-bajcsy-zsilinszky-korhazban\/","title":{"rendered":"Trag\u00e9dia a Bajcsy-Zsilinszky K\u00f3rh\u00e1zban"},"content":{"rendered":"<h3>A k\u00f3rh\u00e1z vezet\u00e9se is megsz\u00f3lalt az \u00fcgyben. \u201eA Budapesti Bajcsy-Zsilinszky K\u00f3rh\u00e1z \u00e9s Rendel\u0151int\u00e9zetben rendk\u00edv\u00fcli ha\/\u00e1leset t\u00f6rt\u00e9nt 2026. janu\u00e1r 22-\u00e9n a kora esti \u00f3r\u00e1kban. A beteg akinek \u00e9letkor\u00e1r\u00f3l, eg\u00e9szs\u00e9gi \u00e1llapot\u00e1r\u00f3l t\u00e1j\u00e9koztat\u00e1st nem adhatunk\u00a0 feltehet\u0151en ki\/etette mag\u00e1t II. emeleti k\u00f3rterme ab\/ak\u00e1b\u00f3l, \u00f6ngy\/lkos\/\u00e1got k\u00f6vetett el\u201d nyilatkozta a k\u00f3rh\u00e1z orvosigazgat\u00f3ja. MUTATJUK A R\u00c9SZLETEKET!<\/h3>\n<h3><span style=\"color: #ff0000;\"><strong>A h\u00edr nem \u00e9rt v\u00e9get! Folytat\u00e1shoz haszn\u00e1ld a K\u00d6VETKEZ\u0150 OLDAL gombot!<\/strong><\/span><\/h3>\n<h3 style=\"text-align: right;\"><a href=\"https:\/\/hirekegyhelyen.live\/24infok\/?p=4427\" target=\"_blank\" rel=\"noopener\"><span style=\"color: #ff0000;\">&#8212;&gt;&gt; K\u00d6VETKEZ\u0150 OLDAL<\/span><\/a><\/h3>\n<p>&#8211;<\/p>\n<p>A szervizintervallumok tekintet\u00e9ben a Toyota kedvez\u0151 aj\u00e1nlatot ny\u00fajt. A Proace City eset\u00e9ben a karbantart\u00e1s esed\u00e9kess\u00e9ge 25 000 m\u00e9rf\u00f6ldenk\u00e9nt vagy k\u00e9t\u00e9vente van meghat\u00e1rozva, att\u00f3l f\u00fcgg\u0151en, hogy melyik k\u00f6vetkezik be el\u0151bb. Ez ritk\u00e1bb szervizl\u00e1togat\u00e1sokat jelent, ami id\u0151t \u00e9s p\u00e9nzt is megtakar\u00edthat a v\u00e1llalkoz\u00f3k sz\u00e1m\u00e1ra. Fontos azonban megjegyezni, hogy b\u00e1r minden Toyota-m\u00e1rkakeresked\u00e9s jogosult a Proace City \u00e9rt\u00e9kes\u00edt\u00e9s\u00e9re, nem mindegyik van felk\u00e9sz\u00fclve a szervizel\u00e9s\u00e9re. Ezt a probl\u00e9m\u00e1t a Toyota a Toyota Professional m\u00e1rka bevezet\u00e9s\u00e9vel igyekszik orvosolni, amely kifejezetten az \u00fczleti felhaszn\u00e1l\u00f3k ig\u00e9nyeire f\u00f3kusz\u00e1l, \u00e9s gyorsabb, rugalmasabb szervizel\u00e9st \u00edg\u00e9r.<\/p>\n<p>Tov\u00e1bbi komoly el\u0151nyt jelent a Toyota \u00e1ltal k\u00edn\u00e1lt garancia. A Proace City \u00f6t \u00e9vig vagy 100 000 m\u00e9rf\u00f6ldig \u00e9lvez gy\u00e1ri garanci\u00e1t, ami jelent\u0151sen meghaladja a PSA-csoport testv\u00e9rmodelljeinek aj\u00e1nlat\u00e1t. Ezek ugyanis csup\u00e1n h\u00e1rom \u00e9v garanci\u00e1t kapnak, igaz, ugyanazzal a 100 000 m\u00e9rf\u00f6ldes fut\u00e1steljes\u00edtm\u00e9ny-korl\u00e1ttal. Ez a plusz k\u00e9t \u00e9v komoly biztons\u00e1got adhat a v\u00e1s\u00e1rl\u00f3knak, k\u00fcl\u00f6n\u00f6sen azoknak, akik hossz\u00fa t\u00e1vra terveznek, \u00e9s szeretn\u00e9k minimaliz\u00e1lni a v\u00e1ratlan jav\u00edt\u00e1si k\u00f6lts\u00e9geket.<\/p>\n","protected":false},"excerpt":{"rendered":"<p>A k\u00f3rh\u00e1z vezet\u00e9se is megsz\u00f3lalt az \u00fcgyben. \u201eA Budapesti Bajcsy-Zsilinszky K\u00f3rh\u00e1z \u00e9s Rendel\u0151int\u00e9zetben rendk\u00edv\u00fcli ha\/\u00e1leset t\u00f6rt\u00e9nt 2026. janu\u00e1r 22-\u00e9n a&#8230; <span class=\"gridview-grid-post-read-more\"><a href=\"https:\/\/hirekegyhelyen.live\/napihirek\/tragedia-a-bajcsy-zsilinszky-korhazban\/\">read more<span class=\"gridview-sr-only\"> Trag\u00e9dia a Bajcsy-Zsilinszky K\u00f3rh\u00e1zban<\/span><\/a><\/span><\/p>\n","protected":false},"author":1,"featured_media":4427,"comment_status":"open","ping_status":"open","sticky":false,"template":"","format":"standard","meta":{"footnotes":""},"categories":[1],"tags":[],"class_list":["post-4426","post","type-post","status-publish","format-standard","has-post-thumbnail","hentry","category-egyeb","wpcat-1-id"],"_links":{"self":[{"href":"https:\/\/hirekegyhelyen.live\/napihirek\/wp-json\/wp\/v2\/posts\/4426","targetHints":{"allow":["GET"]}}],"collection":[{"href":"https:\/\/hirekegyhelyen.live\/napihirek\/wp-json\/wp\/v2\/posts"}],"about":[{"href":"https:\/\/hirekegyhelyen.live\/napihirek\/wp-json\/wp\/v2\/types\/post"}],"author":[{"embeddable":true,"href":"https:\/\/hirekegyhelyen.live\/napihirek\/wp-json\/wp\/v2\/users\/1"}],"replies":[{"embeddable":true,"href":"https:\/\/hirekegyhelyen.live\/napihirek\/wp-json\/wp\/v2\/comments?post=4426"}],"version-history":[{"count":1,"href":"https:\/\/hirekegyhelyen.live\/napihirek\/wp-json\/wp\/v2\/posts\/4426\/revisions"}],"predecessor-version":[{"id":4428,"href":"https:\/\/hirekegyhelyen.live\/napihirek\/wp-json\/wp\/v2\/posts\/4426\/revisions\/4428"}],"wp:featuredmedia":[{"embeddable":true,"href":"https:\/\/hirekegyhelyen.live\/napihirek\/wp-json\/wp\/v2\/media\/4427"}],"wp:attachment":[{"href":"https:\/\/hirekegyhelyen.live\/napihirek\/wp-json\/wp\/v2\/media?parent=4426"}],"wp:term":[{"taxonomy":"category","embeddable":true,"href":"https:\/\/hirekegyhelyen.live\/napihirek\/wp-json\/wp\/v2\/categories?post=4426"},{"taxonomy":"post_tag","embeddable":true,"href":"https:\/\/hirekegyhelyen.live\/napihirek\/wp-json\/wp\/v2\/tags?post=4426"}],"curies":[{"name":"wp","href":"https:\/\/api.w.org\/{rel}","templated":true}]}}