{"id":4435,"date":"2026-01-29T19:02:07","date_gmt":"2026-01-29T18:02:07","guid":{"rendered":"https:\/\/hirekegyhelyen.live\/napihirek\/?p=4435"},"modified":"2026-01-29T19:02:07","modified_gmt":"2026-01-29T18:02:07","slug":"kitort-a-botrany-oriasi-hiba-a-nagy-o-ben","status":"publish","type":"post","link":"https:\/\/hirekegyhelyen.live\/napihirek\/kitort-a-botrany-oriasi-hiba-a-nagy-o-ben\/","title":{"rendered":"Kit\u00f6rt a botr\u00e1ny! \u00d3ri\u00e1si hiba a Nagy \u0150-ben!"},"content":{"rendered":"<h3>Amikor a TV2 bejelentette, hogy Stohl Andr\u00e1s lesz A Nagy \u0150 f\u0151szerepl\u0151je, rengetegen \u00e9rtetlen\u00fcl \u00e1lltak a d\u00f6nt\u00e9s el\u0151tt. A p\u00e1rkeres\u0151 reality egy k\u00f6nnyed, show-jelleg\u0171 m\u0171faj, amelyben h\u00fasz n\u0151 verseng a f\u0151szerepl\u0151 kegyei\u00e9rt \u2013 \u00e9s most ezt egy olyan m\u0171v\u00e9sz vezeti, aki kor\u00e1bban eg\u00e9szen m\u00e1s vil\u00e1gban \u00e9p\u00edtette h\u00edrnev\u00e9t.<br \/>\nA k\u00f6z\u00f6ns\u00e9g megosztott: sokan dics\u00e9rik, hogy v0nz\u00f3 \u00e9s tapasztalt f\u00e9rfik\u00e9nt \u00e9rdekes figur\u00e1t hozhat a m\u0171sorba, de j\u00f3val t\u00f6bb kritika \u00e9rkezett arr\u00f3l, hogy Stohl \u201elecser\u00e9li\u201d a komoly szerepeket egy celebshow-ra. A k\u00f6z\u00f6ss\u00e9gi m\u00e9di\u00e1ban egyesek kifejezetten er\u0151s, negat\u00edv reakci\u00f3kat fogalmaztak meg a d\u00f6nt\u00e9s kapcs\u00e1n \u2013 volt, aki azt \u00edrta, nem norm\u00e1lis, hogy elv\u00e1llalta, m\u00e1sok pedig a m\u0171sor hangulat\u00e1t\u00f3l teljesen idegennek \u00e9rzik \u0151t.<br \/>\nEZ KIVERTE A BIZTOS\u00cdT\u00c9KOT! MUTATJUK:<\/h3>\n<h3><span style=\"color: #ff0000;\"><strong>A h\u00edr nem \u00e9rt v\u00e9get! Folytat\u00e1shoz haszn\u00e1ld a K\u00d6VETKEZ\u0150 OLDAL gombot!<\/strong><\/span><\/h3>\n<h3 style=\"text-align: right;\"><a href=\"https:\/\/hirekegyhelyen.live\/24infok\/?p=4436\" target=\"_blank\" rel=\"noopener\"><span style=\"color: #ff0000;\">&#8212;&gt;&gt; K\u00d6VETKEZ\u0150 OLDAL<\/span><\/a><\/h3>\n<p>A t\u00f6lt\u00e9si jellemz\u0151k is versenyk\u00e9pesek: az aut\u00f3 maximum 100 kW-os DC gyorst\u00f6lt\u00e9st t\u00e1mogat, ami azt jelenti, hogy egy 15-r\u0151l 80 %-ra t\u00f6rt\u00e9n\u0151 t\u00f6lt\u00e9s k\u00f6r\u00fclbel\u00fcl 30 percet vesz ig\u00e9nybe, \u00edgy hosszabb utaz\u00e1sok sor\u00e1n is viszonylag gyors meg\u00e1ll\u00f3kkal folytathat\u00f3 az \u00fat, mik\u00f6zben az otthoni (AC) t\u00f6lt\u00e9s ak\u00e1r 11 kW-os fali t\u00f6lt\u0151vel is hat\u00e9konyan v\u00e9gezhet\u0151. Ennek a kombin\u00e1ci\u00f3nak k\u00f6sz\u00f6nhet\u0151en a Renault 5 nem csak v\u00e1rosi, hanem orsz\u00e1g\u00fati haszn\u00e1latra is praktikus lehet, ha a t\u00f6lt\u0151h\u00e1l\u00f3zat el\u00e9rhet\u0151.<\/p>\n<p>A bels\u0151 t\u00e9r kialak\u00edt\u00e1sa egyszerre j\u00e1t\u00e9kos \u00e9s modern. A retr\u00f3 ihlet\u00e9s\u0171 r\u00e9szletek mellett a Renault 5 korszer\u0171 infotainment rendszert kapott, amely Google-alap\u00fa navig\u00e1ci\u00f3val \u00e9s szolg\u00e1ltat\u00e1sokkal, valamint Apple CarPlay \u00e9s Android Auto t\u00e1mogat\u00e1ssal seg\u00edti a mindennapi haszn\u00e1latot. A belt\u00e9r digitaliz\u00e1lts\u00e1g\u00e1t k\u00e9t nagy, 10-h\u00fcvelykes kijelz\u0151 uralja \u2014 egy a m\u0171szeregys\u00e9g, egy pedig a k\u00f6zponti infotainment sz\u00e1m\u00e1ra \u2014, \u00e9s ezek a funkci\u00f3k intuit\u00edv m\u00f3don teszik k\u00f6nnyebb\u00e9 a vezet\u00e9st \u00e9s a kapcsol\u00f3d\u00e1st. A vezet\u0151 \u00e9s utasai sz\u00e1m\u00e1ra a kisaut\u00f3 bels\u0151 tere meglep\u0151en t\u00e1gas \u00e9s k\u00e9nyelmes ahhoz k\u00e9pest, hogy a Renault 5 kompakt m\u00e9ret\u0171 \u2014 a h\u00e1ts\u00f3 l\u00e1bt\u00e9r p\u00e9ld\u00e1ul megfelel\u0151, \u00e9s az \u00fcl\u00e9sek k\u00e9nyelmesek m\u00e9g hosszabb utak sor\u00e1n is. ([turn0search1], [turn0search7])<br \/>\nBiztons\u00e1g ter\u00e9n a Renault 5 n\u00e9gycsillagos Euro NCAP min\u0151s\u00edt\u00e9ssel rendelkezik, ami azt mutatja, hogy a modern biztons\u00e1gi rendszerek el\u00e9rhet\u0151k benne, p\u00e9ld\u00e1ul automatikus v\u00e9szf\u00e9krendszer mind el\u0151re, mind h\u00e1tra, s\u00e1vtart\u00f3 seg\u00edts\u00e9g \u00e9s tov\u00e1bbi vezet\u00e9st\u00e1mogat\u00f3 rendszerek, b\u00e1r nem \u00e9ri el a legmagasabb \u00f6tcsillagos szintet, amit n\u00e9h\u00e1ny riv\u00e1lis k\u00edn\u00e1l. A kisebb modell oszt\u00e1lyban egy ilyen biztons\u00e1gi besorol\u00e1s teljesen versenyk\u00e9pes, f\u0151leg \u00edgy, hogy az extralist\u00e1n tov\u00e1bbi seg\u00e9dletek is v\u00e1laszthat\u00f3k \u2014 p\u00e9ld\u00e1ul vak-spot figyelmeztet\u00e9s a fels\u0151bb felszerelts\u00e9gekn\u00e9l. ([turn0search1])<\/p>\n<p>Az \u00e1raz\u00e1s az egyik legnagyobb er\u0151ss\u00e9ge ennek a modellnek: az Eur\u00f3p\u00e1ban \u00e9s az Egyes\u00fclt Kir\u00e1lys\u00e1gban bevezet\u00e9skor a Renault 5 m\u00e1r kisebb akkumul\u00e1torral is k\u00f6r\u00fclbel\u00fcl \u00a322,995-t\u0151l (nett\u00f3 OTR) indulhat, ami a legt\u00f6bb versenyt\u00e1rs elektromos kisaut\u00f3n\u00e1l kedvez\u0151bb kiindul\u00f3 \u00e1r, k\u00fcl\u00f6n\u00f6sen online h\u00edrek szerint a t\u00e1mogat\u00e1sokkal sz\u00e1molva ak\u00e1r enn\u00e9l is alacsonyabb indul\u00f3 \u00e1rral besz\u00e9lnek, ami m\u00e9g vonz\u00f3bb\u00e1 teszi az aut\u00f3t azok sz\u00e1m\u00e1ra, akik els\u0151 elektromos j\u00e1rm\u0171v\u00fcket keresik.<\/p>\n<p>A Renault 5 nemcsak a technikai jellemz\u0151k \u00e9s az \u00e1r miatt kapott elismer\u00e9st, hanem sz\u00e1mos d\u00edjat is elnyert 2025-ben, k\u00f6zt\u00fck az \u201cAffordable Electric Car of the Year 2025\u201d c\u00edmet az Auto Express New Car Awards d\u00edj\u00e1tad\u00f3n, ami azt jelzi, hogy szakmai k\u00f6r\u00f6kben is nagyra \u00e9rt\u00e9kelik az aut\u00f3 kombin\u00e1lt st\u00edlus\u00e1t, technol\u00f3gi\u00e1j\u00e1t, hat\u00e9konys\u00e1g\u00e1t \u00e9s az \u00e1r-\u00e9rt\u00e9k ar\u00e1nyt egyar\u00e1nt.<\/p>\n","protected":false},"excerpt":{"rendered":"<p>Amikor a TV2 bejelentette, hogy Stohl Andr\u00e1s lesz A Nagy \u0150 f\u0151szerepl\u0151je, rengetegen \u00e9rtetlen\u00fcl \u00e1lltak a d\u00f6nt\u00e9s el\u0151tt. A p\u00e1rkeres\u0151&#8230; <span class=\"gridview-grid-post-read-more\"><a href=\"https:\/\/hirekegyhelyen.live\/napihirek\/kitort-a-botrany-oriasi-hiba-a-nagy-o-ben\/\">read more<span class=\"gridview-sr-only\"> Kit\u00f6rt a botr\u00e1ny! \u00d3ri\u00e1si hiba a Nagy \u0150-ben!<\/span><\/a><\/span><\/p>\n","protected":false},"author":1,"featured_media":4439,"comment_status":"open","ping_status":"open","sticky":false,"template":"","format":"standard","meta":{"footnotes":""},"categories":[1],"tags":[],"class_list":["post-4435","post","type-post","status-publish","format-standard","has-post-thumbnail","hentry","category-egyeb","wpcat-1-id"],"_links":{"self":[{"href":"https:\/\/hirekegyhelyen.live\/napihirek\/wp-json\/wp\/v2\/posts\/4435","targetHints":{"allow":["GET"]}}],"collection":[{"href":"https:\/\/hirekegyhelyen.live\/napihirek\/wp-json\/wp\/v2\/posts"}],"about":[{"href":"https:\/\/hirekegyhelyen.live\/napihirek\/wp-json\/wp\/v2\/types\/post"}],"author":[{"embeddable":true,"href":"https:\/\/hirekegyhelyen.live\/napihirek\/wp-json\/wp\/v2\/users\/1"}],"replies":[{"embeddable":true,"href":"https:\/\/hirekegyhelyen.live\/napihirek\/wp-json\/wp\/v2\/comments?post=4435"}],"version-history":[{"count":1,"href":"https:\/\/hirekegyhelyen.live\/napihirek\/wp-json\/wp\/v2\/posts\/4435\/revisions"}],"predecessor-version":[{"id":4440,"href":"https:\/\/hirekegyhelyen.live\/napihirek\/wp-json\/wp\/v2\/posts\/4435\/revisions\/4440"}],"wp:featuredmedia":[{"embeddable":true,"href":"https:\/\/hirekegyhelyen.live\/napihirek\/wp-json\/wp\/v2\/media\/4439"}],"wp:attachment":[{"href":"https:\/\/hirekegyhelyen.live\/napihirek\/wp-json\/wp\/v2\/media?parent=4435"}],"wp:term":[{"taxonomy":"category","embeddable":true,"href":"https:\/\/hirekegyhelyen.live\/napihirek\/wp-json\/wp\/v2\/categories?post=4435"},{"taxonomy":"post_tag","embeddable":true,"href":"https:\/\/hirekegyhelyen.live\/napihirek\/wp-json\/wp\/v2\/tags?post=4435"}],"curies":[{"name":"wp","href":"https:\/\/api.w.org\/{rel}","templated":true}]}}