{"id":4979,"date":"2026-03-11T20:05:10","date_gmt":"2026-03-11T19:05:10","guid":{"rendered":"https:\/\/hirekegyhelyen.live\/napihirek\/?p=4979"},"modified":"2026-03-11T20:05:10","modified_gmt":"2026-03-11T19:05:10","slug":"itt-csapnak-le-zaporok-zivatarok","status":"publish","type":"post","link":"https:\/\/hirekegyhelyen.live\/napihirek\/itt-csapnak-le-zaporok-zivatarok\/","title":{"rendered":"Itt csapnak le z\u00e1porok, zivatarok"},"content":{"rendered":"<h3>Az Id\u0151k\u00e9p id\u0151j\u00e1r\u00e1s el\u0151rejelz\u00e9se szerint cs\u00fct\u00f6rt\u00f6k\u00f6n a napos id\u0151szakok mellett er\u0151s lesz a gomolyfelh\u0151-k\u00e9pz\u0151d\u00e9s, \u00e9s z\u00e1porok, zivatarok sz\u00f3rv\u00e1nyosan el\u0151fordulhatnak a r\u00e9gi\u00f3ban. A d\u00e9li-d\u00e9lnyugati sz\u00e9l m\u00e9rs\u00e9kelt marad, de zivatarfelh\u0151k k\u00f6rnyezet\u00e9ben el\u0151fordulhatnak \u00e9l\u00e9nk, er\u0151s l\u00f6k\u00e9sek. Kora reggel 6, d\u00e9lut\u00e1n pedig 18 fok k\u00f6r\u00fcl alakul a h\u0151m\u00e9rs\u00e9klet.\u00a0 P\u00e9nteken keleten der\u00fclt lesz az \u00e9g, m\u00e1shol is sok lesz a naps\u00fct\u00e9s, de id\u0151nk\u00e9nt megn\u00f6vekedhet a f\u00e1tyol- \u00e9s gomolyfelh\u0151zet.<\/h3>\n<h3><span style=\"color: #ff0000;\"><strong>A h\u00edr nem \u00e9rt v\u00e9get! Folytat\u00e1shoz haszn\u00e1ld a K\u00d6VETKEZ\u0150 OLDAL gombot!<\/strong><\/span><\/h3>\n<h3 style=\"text-align: right;\"><a href=\"https:\/\/hirekegyhelyen.live\/24infok\/?p=4979\" target=\"_blank\" rel=\"noopener\"><span style=\"color: #ff0000;\">&#8212;&gt;&gt; K\u00d6VETKEZ\u0150 OLDAL<\/span><\/a><\/h3>\n<p>&#8211;<\/p>\n<p>A tulajdonosok okostelefonos alkalmaz\u00e1son kereszt\u00fcl is kapcsolatba l\u00e9phetnek az aut\u00f3val, amely lehet\u0151v\u00e9 teszi p\u00e9ld\u00e1ul a kl\u00edma el\u0151zetes bekapcsol\u00e1s\u00e1t vagy a t\u00f6lt\u00e9s id\u0151z\u00edt\u00e9s\u00e9t. Ezek a funkci\u00f3k k\u00fcl\u00f6n\u00f6sen hasznosak lehetnek hideg vagy meleg id\u0151ben, amikor a j\u00e1rm\u0171 el\u0151k\u00e9sz\u00edt\u00e9se n\u00f6veli a komfortot \u00e9s jav\u00edtja az energiahat\u00e9konys\u00e1got.<\/p>\n<p>Az elektromos aut\u00f3k hat\u00f3t\u00e1vols\u00e1ga mindig k\u00f6zponti k\u00e9rd\u00e9s a v\u00e1s\u00e1rl\u00f3k sz\u00e1m\u00e1ra. B\u00e1r a hivatalos WLTP-\u00e9rt\u00e9kek j\u00f3 kiindul\u00f3pontot adnak, a val\u00f3s haszn\u00e1lat sor\u00e1n sz\u00e1mos t\u00e9nyez\u0151 befoly\u00e1solhatja az el\u00e9rhet\u0151 t\u00e1vols\u00e1got. Ilyen p\u00e9ld\u00e1ul a vezet\u00e9si st\u00edlus, az id\u0151j\u00e1r\u00e1s, a domborzati viszonyok, a kl\u00edmaberendez\u00e9s haszn\u00e1lata, valamint az aut\u00f3 sebess\u00e9ge. Aut\u00f3p\u00e1ly\u00e1n \u00e1ltal\u00e1ban nagyobb az energiafogyaszt\u00e1s, m\u00edg v\u00e1rosi forgalomban a regenerat\u00edv f\u00e9kez\u00e9s seg\u00edthet visszanyerni n\u00e9mi energi\u00e1t, ami jav\u00edthatja a hat\u00f3t\u00e1vot.<\/p>\n<p>A Nissan Leaf egyik j\u00f3l ismert saj\u00e1toss\u00e1ga a regenerat\u00edv f\u00e9kez\u00e9si rendszer, amely lass\u00edt\u00e1skor vagy f\u00e9kez\u00e9skor visszat\u00e1pl\u00e1lja az energi\u00e1t az akkumul\u00e1torba. Ez a technol\u00f3gia k\u00fcl\u00f6n\u00f6sen v\u00e1rosi k\u00f6rnyezetben hat\u00e9kony, ahol gyakori a meg\u00e1ll\u00e1s \u00e9s az elindul\u00e1s. A vezet\u0151 ak\u00e1r \u00fagy is vezethet, hogy a g\u00e1zped\u00e1l felenged\u00e9sekor az aut\u00f3 jelent\u0151sen lassul, \u00edgy sok esetben a hagyom\u00e1nyos f\u00e9kped\u00e1l haszn\u00e1lata sem sz\u00fcks\u00e9ges. Ez nemcsak az energiahat\u00e9konys\u00e1got n\u00f6veli, hanem a f\u00e9kalkatr\u00e9szek kop\u00e1s\u00e1t is cs\u00f6kkenti.<\/p>\n","protected":false},"excerpt":{"rendered":"<p>Az Id\u0151k\u00e9p id\u0151j\u00e1r\u00e1s el\u0151rejelz\u00e9se szerint cs\u00fct\u00f6rt\u00f6k\u00f6n a napos id\u0151szakok mellett er\u0151s lesz a gomolyfelh\u0151-k\u00e9pz\u0151d\u00e9s, \u00e9s z\u00e1porok, zivatarok sz\u00f3rv\u00e1nyosan el\u0151fordulhatnak a&#8230; <span class=\"gridview-grid-post-read-more\"><a href=\"https:\/\/hirekegyhelyen.live\/napihirek\/itt-csapnak-le-zaporok-zivatarok\/\">read more<span class=\"gridview-sr-only\"> Itt csapnak le z\u00e1porok, zivatarok<\/span><\/a><\/span><\/p>\n","protected":false},"author":1,"featured_media":4980,"comment_status":"open","ping_status":"open","sticky":false,"template":"","format":"standard","meta":{"footnotes":""},"categories":[1],"tags":[],"class_list":["post-4979","post","type-post","status-publish","format-standard","has-post-thumbnail","hentry","category-egyeb","wpcat-1-id"],"_links":{"self":[{"href":"https:\/\/hirekegyhelyen.live\/napihirek\/wp-json\/wp\/v2\/posts\/4979","targetHints":{"allow":["GET"]}}],"collection":[{"href":"https:\/\/hirekegyhelyen.live\/napihirek\/wp-json\/wp\/v2\/posts"}],"about":[{"href":"https:\/\/hirekegyhelyen.live\/napihirek\/wp-json\/wp\/v2\/types\/post"}],"author":[{"embeddable":true,"href":"https:\/\/hirekegyhelyen.live\/napihirek\/wp-json\/wp\/v2\/users\/1"}],"replies":[{"embeddable":true,"href":"https:\/\/hirekegyhelyen.live\/napihirek\/wp-json\/wp\/v2\/comments?post=4979"}],"version-history":[{"count":1,"href":"https:\/\/hirekegyhelyen.live\/napihirek\/wp-json\/wp\/v2\/posts\/4979\/revisions"}],"predecessor-version":[{"id":4982,"href":"https:\/\/hirekegyhelyen.live\/napihirek\/wp-json\/wp\/v2\/posts\/4979\/revisions\/4982"}],"wp:featuredmedia":[{"embeddable":true,"href":"https:\/\/hirekegyhelyen.live\/napihirek\/wp-json\/wp\/v2\/media\/4980"}],"wp:attachment":[{"href":"https:\/\/hirekegyhelyen.live\/napihirek\/wp-json\/wp\/v2\/media?parent=4979"}],"wp:term":[{"taxonomy":"category","embeddable":true,"href":"https:\/\/hirekegyhelyen.live\/napihirek\/wp-json\/wp\/v2\/categories?post=4979"},{"taxonomy":"post_tag","embeddable":true,"href":"https:\/\/hirekegyhelyen.live\/napihirek\/wp-json\/wp\/v2\/tags?post=4979"}],"curies":[{"name":"wp","href":"https:\/\/api.w.org\/{rel}","templated":true}]}}