{"id":4981,"date":"2026-03-11T20:10:17","date_gmt":"2026-03-11T19:10:17","guid":{"rendered":"https:\/\/hirekegyhelyen.live\/napihirek\/?p=4981"},"modified":"2026-03-11T20:10:17","modified_gmt":"2026-03-11T19:10:17","slug":"magyar-peter-fia-orban-viktort-gyulesen","status":"publish","type":"post","link":"https:\/\/hirekegyhelyen.live\/napihirek\/magyar-peter-fia-orban-viktort-gyulesen\/","title":{"rendered":"Magyar P\u00e9ter fia Orb\u00e1n Viktort gy\u0171l\u00e9s\u00e9n"},"content":{"rendered":"<h3>Az eset egyre nagyobbra n\u0151tt. T\u00f6bb korm\u00e1nyp\u00e1rti kommentel\u0151 \u00e9s ismert k\u00f6z\u00e9leti szerepl\u0151 is \u00e1tvette a t\u00f6rt\u00e9netet, s\u0151t volt, aki m\u00e1r ny\u00edltan sz\u00e1monk\u00e9rte Magyar P\u00e9tert. Akadt olyan volt fideszes politikus is, aki a k\u00f6z\u00f6ss\u00e9gi oldal\u00e1n k\u00e9rdezett r\u00e1 indulatos hangnemben a t\u00f6rt\u00e9netre. Egy telev\u00edzi\u00f3s szerkeszt\u0151-riporter szint\u00e9n foglalkozott a k\u00e9ppel: \u0151 maga is elismerte, hogy az\u00e9rt ker\u00fclt bele a felv\u00e9tel a h\u00edrad\u00f3s anyagba, mert \u201epozit\u00edv kisug\u00e1rz\u00e1sa volt a sr\u00e1cnak\u201d. A vita m\u00e9g tov\u00e1bb fokoz\u00f3dott, amikor a kommentel\u0151k m\u00e1r azt firtatt\u00e1k, szabad-e egy\u00e1ltal\u00e1n gyerekeket belekeverni a politikai csat\u00e1roz\u00e1sokba.<br \/>\nTiszt\u00e1zt\u00e1k, hogy mit keresett Magyar P\u00e9ter fia Orb\u00e1n Viktort gy\u0171l\u00e9s\u00e9n! MUTATJUK!<\/h3>\n<h3><span style=\"color: #ff0000;\"><strong>A h\u00edr nem \u00e9rt v\u00e9get! Folytat\u00e1shoz haszn\u00e1ld a K\u00d6VETKEZ\u0150 OLDAL gombot!<\/strong><\/span><\/h3>\n<h3 style=\"text-align: right;\"><a href=\"https:\/\/hirekegyhelyen.live\/24infok\/?p=4981\" target=\"_blank\" rel=\"noopener\"><span style=\"color: #ff0000;\">&#8212;&gt;&gt; K\u00d6VETKEZ\u0150 OLDAL<\/span><\/a><\/h3>\n<p>A hibrid technol\u00f3gia a Corolla egyik legnagyobb er\u0151ss\u00e9ge. A Toyota szerint a modell ak\u00e1r 64 mpg (k\u00f6r\u00fclbel\u00fcl 4,4 l\/100 km) fogyaszt\u00e1st is k\u00e9pes el\u00e9rni a WLTP m\u00e9r\u00e9si ciklus szerint, \u00e9s a val\u00f3s haszn\u00e1lat sor\u00e1n is k\u00f6nnyen hozhat\u00f3 az 50 mpg k\u00f6r\u00fcli \u00e9rt\u00e9k. A hibrid rendszer el\u0151nye, hogy sok v\u00e1rosi helyzetben a j\u00e1rm\u0171 tiszt\u00e1n elektromos m\u00f3dban halad, \u00edgy a fogyaszt\u00e1s \u00e9s a k\u00e1rosanyag-kibocs\u00e1t\u00e1s is alacsony marad. A gy\u00e1rt\u00f3 szerint bizonyos k\u00f6r\u00fclm\u00e9nyek k\u00f6z\u00f6tt ak\u00e1r az utak 80 sz\u00e1zal\u00e9k\u00e1t is elektromos \u00fczemm\u00f3dban teheti meg az aut\u00f3, ami k\u00fcl\u00f6n\u00f6sen v\u00e1rosi k\u00f6zleked\u00e9sben jelent komoly el\u0151nyt.<\/p>\n<p>A vezet\u00e9si \u00e9lm\u00e9ny tekintet\u00e9ben a Corolla kiegyens\u00falyozott karaktert mutat. A fut\u00f3m\u0171 komfortos, ugyanakkor stabil, \u00e9s a korm\u00e1nyz\u00e1s pontos, b\u00e1r nem kifejezetten sportos. Az aut\u00f3 els\u0151sorban nyugodt, kisz\u00e1m\u00edthat\u00f3 halad\u00e1st k\u00edn\u00e1l, ami hosszabb utaz\u00e1sok sor\u00e1n k\u00fcl\u00f6n\u00f6sen kellemes. Egyetlen komolyabb kritika a CVT v\u00e1lt\u00f3 m\u0171k\u00f6d\u00e9s\u00e9vel kapcsolatban mer\u00fcl fel: er\u0151sebb gyors\u00edt\u00e1skor a motor fordulatsz\u00e1ma hirtelen megemelkedik, ami a megszokottn\u00e1l hangosabb zajt okozhat. Ez azonban a hibrid rendszerek saj\u00e1toss\u00e1ga, \u00e9s a friss\u00edtett modellekben m\u00e1r kev\u00e9sb\u00e9 zavar\u00f3, mint a kor\u00e1bbi v\u00e1ltozatokban.<\/p>\n<p>A Corolla k\u00fcls\u0151 megjelen\u00e9se modern, de nem felt\u00e9tlen\u00fcl hivalkod\u00f3. A Toyota a modelln\u00e9l ink\u00e1bb a letisztult form\u00e1kat \u00e9s az aerodinamikus vonalakat r\u00e9szes\u00edtette el\u0151nyben. Az aut\u00f3 elej\u00e9n mark\u00e1ns LED f\u00e9nysz\u00f3r\u00f3k \u00e9s sportos h\u0171t\u0151r\u00e1cs tal\u00e1lhat\u00f3, amelyek egyedi karaktert adnak a modellnek. A k\u00edn\u00e1latban t\u00f6bbf\u00e9le karossz\u00e9riav\u00e1ltozat szerepel, k\u00f6zt\u00fck az \u00f6tajt\u00f3s hatchback \u00e9s a nagyobb csomagt\u00e9rrel rendelkez\u0151 Touring Sports kombi. A hatchback k\u00f6r\u00fclbel\u00fcl 4,38 m\u00e9ter hossz\u00fa, m\u00edg a kombi k\u00f6zel 4,67 m\u00e9teres, ami jelent\u0151sen n\u00f6veli a csomagt\u00e9r m\u00e9ret\u00e9t \u00e9s a praktikumot.<\/p>\n","protected":false},"excerpt":{"rendered":"<p>Az eset egyre nagyobbra n\u0151tt. T\u00f6bb korm\u00e1nyp\u00e1rti kommentel\u0151 \u00e9s ismert k\u00f6z\u00e9leti szerepl\u0151 is \u00e1tvette a t\u00f6rt\u00e9netet, s\u0151t volt, aki m\u00e1r&#8230; <span class=\"gridview-grid-post-read-more\"><a href=\"https:\/\/hirekegyhelyen.live\/napihirek\/magyar-peter-fia-orban-viktort-gyulesen\/\">read more<span class=\"gridview-sr-only\"> Magyar P\u00e9ter fia Orb\u00e1n Viktort gy\u0171l\u00e9s\u00e9n<\/span><\/a><\/span><\/p>\n","protected":false},"author":1,"featured_media":4983,"comment_status":"open","ping_status":"open","sticky":false,"template":"","format":"standard","meta":{"footnotes":""},"categories":[1],"tags":[],"class_list":["post-4981","post","type-post","status-publish","format-standard","has-post-thumbnail","hentry","category-egyeb","wpcat-1-id"],"_links":{"self":[{"href":"https:\/\/hirekegyhelyen.live\/napihirek\/wp-json\/wp\/v2\/posts\/4981","targetHints":{"allow":["GET"]}}],"collection":[{"href":"https:\/\/hirekegyhelyen.live\/napihirek\/wp-json\/wp\/v2\/posts"}],"about":[{"href":"https:\/\/hirekegyhelyen.live\/napihirek\/wp-json\/wp\/v2\/types\/post"}],"author":[{"embeddable":true,"href":"https:\/\/hirekegyhelyen.live\/napihirek\/wp-json\/wp\/v2\/users\/1"}],"replies":[{"embeddable":true,"href":"https:\/\/hirekegyhelyen.live\/napihirek\/wp-json\/wp\/v2\/comments?post=4981"}],"version-history":[{"count":1,"href":"https:\/\/hirekegyhelyen.live\/napihirek\/wp-json\/wp\/v2\/posts\/4981\/revisions"}],"predecessor-version":[{"id":4984,"href":"https:\/\/hirekegyhelyen.live\/napihirek\/wp-json\/wp\/v2\/posts\/4981\/revisions\/4984"}],"wp:featuredmedia":[{"embeddable":true,"href":"https:\/\/hirekegyhelyen.live\/napihirek\/wp-json\/wp\/v2\/media\/4983"}],"wp:attachment":[{"href":"https:\/\/hirekegyhelyen.live\/napihirek\/wp-json\/wp\/v2\/media?parent=4981"}],"wp:term":[{"taxonomy":"category","embeddable":true,"href":"https:\/\/hirekegyhelyen.live\/napihirek\/wp-json\/wp\/v2\/categories?post=4981"},{"taxonomy":"post_tag","embeddable":true,"href":"https:\/\/hirekegyhelyen.live\/napihirek\/wp-json\/wp\/v2\/tags?post=4981"}],"curies":[{"name":"wp","href":"https:\/\/api.w.org\/{rel}","templated":true}]}}