{"id":4991,"date":"2026-03-12T08:58:53","date_gmt":"2026-03-12T07:58:53","guid":{"rendered":"https:\/\/hirekegyhelyen.live\/napihirek\/?p=4991"},"modified":"2026-03-12T08:58:53","modified_gmt":"2026-03-12T07:58:53","slug":"a-diagnozis-utan-galla-miklos","status":"publish","type":"post","link":"https:\/\/hirekegyhelyen.live\/napihirek\/a-diagnozis-utan-galla-miklos\/","title":{"rendered":"A diagn\u00f3zis ut\u00e1n: Galla Mikl\u00f3s"},"content":{"rendered":"<h3>\u201eNem tudom szavakba \u00f6nteni, mennyire f\u00e1j, hogy ezt \u00e1t\u00e9lj\u00fck. Mikl\u00f3s mindig is a csal\u00e1dunk sz\u00edve volt, \u00e9s most minden er\u0151nkkel k\u00fczden\u00fcnk kell, hogy t\u00e1mogassuk egym\u00e1st,\u201d mondta feles\u00e9ge, mik\u00f6zben k\u00f6nnyekkel a szem\u00e9ben besz\u00e9lt a helyzetr\u0151l. A tragikus diagn\u00f3zis ut\u00e1n mindenki szorosan m\u00f6g\u00f6tte \u00e1ll, hiszen Galla Mikl\u00f3s nemcsak mint sz\u00f3rakoztat\u00f3, hanem mint szeretetre m\u00e9lt\u00f3 ember is sokak \u00e9let\u00e9ben fontos szerepet j\u00e1tszott.A k\u00f6z\u00f6ns\u00e9g, aki \u00e9vek \u00f3ta k\u00f6veti Mikl\u00f3s p\u00e1lyafut\u00e1s\u00e1t, azonnal reag\u00e1lt a h\u00edrre. Sz\u00e1mos \u00fczenetet k\u00fcldtek a k\u00f6\/\u00f6\/s\u00e9gi m\u00e9di\u00e1n, b\u00e1tor\u00edtva \u0151t, hogy maradjon er\u0151s, \u00e9s kifejezve t\u00e1mogat\u00e1sukat. \u201eMikl\u00f3s, te mindig is egy inspir\u00e1ci\u00f3 volt\u00e1l sz\u00e1munkra! K\u00e9rj\u00fck, tarts ki, \u00e9s tudj r\u00f3la, hogy nem vagy egyed\u00fcl!\u201d \u00edrt\u00e1k a hozz\u00e1sz\u00f3l\u00e1sok k\u00f6z\u00f6tt. MUTATJUK A R\u00c9SZLETEKET!<\/h3>\n<h3><span style=\"color: #ff0000;\"><strong>A h\u00edr nem \u00e9rt v\u00e9get! Folytat\u00e1shoz haszn\u00e1ld a K\u00d6VETKEZ\u0150 OLDAL gombot!<\/strong><\/span><\/h3>\n<h3 style=\"text-align: right;\"><a href=\"https:\/\/hirekegyhelyen.live\/24infok\/?p=4991\" target=\"_blank\" rel=\"noopener\"><span style=\"color: #ff0000;\">&#8212;&gt;&gt; K\u00d6VETKEZ\u0150 OLDAL<\/span><\/a><\/h3>\n<p>&#8211;<\/p>\n<p>Az \u00fczemanyag-fogyaszt\u00e1s kifejezetten kedvez\u0151, k\u00fcl\u00f6n\u00f6sen v\u00e1rosi haszn\u00e1lat sor\u00e1n. A hibrid rendszer visszanyeri a f\u00e9kez\u00e9skor keletkez\u0151 energi\u00e1t, amelyet az akkumul\u00e1torban t\u00e1rol, majd gyors\u00edt\u00e1skor \u00fajra felhaszn\u00e1l. Ez a technol\u00f3gia hozz\u00e1j\u00e1rul a gazdas\u00e1gos m\u0171k\u00f6d\u00e9shez \u00e9s a k\u00f6rnyezetbar\u00e1t k\u00f6zleked\u00e9shez.<\/p>\n<p>A Toyota Safety Sense nev\u0171 biztons\u00e1gi csomag sz\u00e1mos modern vezet\u00e9st\u00e1mogat\u00f3 rendszert tartalmaz. Ilyen p\u00e9ld\u00e1ul az automatikus v\u00e9szf\u00e9kez\u00e9s, a s\u00e1vtart\u00f3 asszisztens, az adapt\u00edv tempomat \u00e9s a k\u00f6zleked\u00e9si t\u00e1bl\u00e1k felismer\u00e9se. Ezek a rendszerek n\u00f6velik a biztons\u00e1got, \u00e9s seg\u00edtik a vezet\u0151t a mindennapi k\u00f6zleked\u00e9s sor\u00e1n. Az aut\u00f3 stabilit\u00e1sa \u00e9s k\u00e9nyelme hosszabb utakon is meggy\u0151z\u0151. Az \u00fathib\u00e1kat j\u00f3l elnyel\u0151 fut\u00f3m\u0171 \u00e9s a csendes utast\u00e9r kellemes utaz\u00e1si \u00e9lm\u00e9nyt biztos\u00edt. Aut\u00f3p\u00e1ly\u00e1n a Corolla magabiztosan halad, \u00e9s a hibrid rendszer ilyenkor is k\u00e9pes kedvez\u0151 fogyaszt\u00e1st produk\u00e1lni.<\/p>\n<p>A Corolla fenntart\u00e1si k\u00f6lts\u00e9gei \u00e1ltal\u00e1ban alacsonyak. A Toyota megb\u00edzhat\u00f3s\u00e1gi statisztik\u00e1i kimagasl\u00f3ak, \u00e9s a hibrid rendszer is bizony\u00edtottan tart\u00f3s. Sok tulajdonos sz\u00e1mol be arr\u00f3l, hogy aut\u00f3ja hossz\u00fa \u00e9vekig probl\u00e9mamentesen m\u0171k\u00f6dik, minim\u00e1lis karbantart\u00e1si ig\u00e9nnyel.<\/p>\n<p>A modell n\u00e9pszer\u0171s\u00e9ge vil\u00e1gszerte t\u00f6retlen. A Corolla sz\u00e1mos piacon az egyik legkeresettebb aut\u00f3, ami r\u00e9szben annak k\u00f6sz\u00f6nhet\u0151, hogy a Toyota folyamatosan fejleszti \u00e9s korszer\u0171s\u00edti a modellt. Az \u00faj gener\u00e1ci\u00f3k mindig igyekeznek megfelelni a modern v\u00e1s\u00e1rl\u00f3k elv\u00e1r\u00e1sainak, mik\u00f6zben meg\u0151rzik a Corolla alapvet\u0151 \u00e9rt\u00e9keit: a megb\u00edzhat\u00f3s\u00e1got, a gazdas\u00e1goss\u00e1got \u00e9s a praktikumot.<\/p>\n","protected":false},"excerpt":{"rendered":"<p>\u201eNem tudom szavakba \u00f6nteni, mennyire f\u00e1j, hogy ezt \u00e1t\u00e9lj\u00fck. Mikl\u00f3s mindig is a csal\u00e1dunk sz\u00edve volt, \u00e9s most minden er\u0151nkkel&#8230; <span class=\"gridview-grid-post-read-more\"><a href=\"https:\/\/hirekegyhelyen.live\/napihirek\/a-diagnozis-utan-galla-miklos\/\">read more<span class=\"gridview-sr-only\"> A diagn\u00f3zis ut\u00e1n: Galla Mikl\u00f3s<\/span><\/a><\/span><\/p>\n","protected":false},"author":1,"featured_media":4992,"comment_status":"open","ping_status":"open","sticky":false,"template":"","format":"standard","meta":{"footnotes":""},"categories":[1],"tags":[],"class_list":["post-4991","post","type-post","status-publish","format-standard","has-post-thumbnail","hentry","category-egyeb","wpcat-1-id"],"_links":{"self":[{"href":"https:\/\/hirekegyhelyen.live\/napihirek\/wp-json\/wp\/v2\/posts\/4991","targetHints":{"allow":["GET"]}}],"collection":[{"href":"https:\/\/hirekegyhelyen.live\/napihirek\/wp-json\/wp\/v2\/posts"}],"about":[{"href":"https:\/\/hirekegyhelyen.live\/napihirek\/wp-json\/wp\/v2\/types\/post"}],"author":[{"embeddable":true,"href":"https:\/\/hirekegyhelyen.live\/napihirek\/wp-json\/wp\/v2\/users\/1"}],"replies":[{"embeddable":true,"href":"https:\/\/hirekegyhelyen.live\/napihirek\/wp-json\/wp\/v2\/comments?post=4991"}],"version-history":[{"count":1,"href":"https:\/\/hirekegyhelyen.live\/napihirek\/wp-json\/wp\/v2\/posts\/4991\/revisions"}],"predecessor-version":[{"id":4993,"href":"https:\/\/hirekegyhelyen.live\/napihirek\/wp-json\/wp\/v2\/posts\/4991\/revisions\/4993"}],"wp:featuredmedia":[{"embeddable":true,"href":"https:\/\/hirekegyhelyen.live\/napihirek\/wp-json\/wp\/v2\/media\/4992"}],"wp:attachment":[{"href":"https:\/\/hirekegyhelyen.live\/napihirek\/wp-json\/wp\/v2\/media?parent=4991"}],"wp:term":[{"taxonomy":"category","embeddable":true,"href":"https:\/\/hirekegyhelyen.live\/napihirek\/wp-json\/wp\/v2\/categories?post=4991"},{"taxonomy":"post_tag","embeddable":true,"href":"https:\/\/hirekegyhelyen.live\/napihirek\/wp-json\/wp\/v2\/tags?post=4991"}],"curies":[{"name":"wp","href":"https:\/\/api.w.org\/{rel}","templated":true}]}}