{"id":4994,"date":"2026-03-12T16:55:12","date_gmt":"2026-03-12T15:55:12","guid":{"rendered":"https:\/\/hirekegyhelyen.live\/napihirek\/?p=4994"},"modified":"2026-03-12T16:55:12","modified_gmt":"2026-03-12T15:55:12","slug":"mar-gaz-sem-jon-magyarorszagra","status":"publish","type":"post","link":"https:\/\/hirekegyhelyen.live\/napihirek\/mar-gaz-sem-jon-magyarorszagra\/","title":{"rendered":"M\u00e1r g\u00e1z sem j\u00f6n Magyarorsz\u00e1gra"},"content":{"rendered":"<h3>Az esetr\u0151l az o\/osz energ\/a\u00f3ri\u00e1s sz\u00e1molt be. A Gaz\/rom k\u00f6z\u00f6lte, hogy valamennyi t\u00e1\/ad\u00e1st siker\u00fclt meghi\u00fas\u00edtania. A besz\u00e1mol\u00f3b\u00f3l az is kider\u00fclt, hogy a T\u00f6\/\u00f6k \u00c1ramlat \u00e9s a K\u00e9k \u00c1ramlat g\u00e1zvezet\u00e9kek rendszer\u00e9re, a hozz\u00e1juk kapcsol\u00f3d\u00f3 infrastrukt\u00far\u00e1ra az elm\u00falt k\u00e9t h\u00e9tben tizenk\u00e9t alkalommal m\u00e9rtek valamilyen k\u00fcls\u0151 csa\/\u00e1st. De azonban di\/ekt t\u00e1\/ad\u00e1s \u00e9rte a T\u00f6\/\u00f6k \u00c1ramlatot. T\u00f6\/\u00f6korsz\u00e1g az egyetlen megmaradt tranzit\u00fatvonal az o\/osz g\u00e1z Eur\u00f3p\u00e1ba juttat\u00e1s\u00e1hoz. MUTATJUK A R\u00c9SZLETEKET!<\/h3>\n<h3><span style=\"color: #ff0000;\"><strong>A h\u00edr nem \u00e9rt v\u00e9get! Folytat\u00e1shoz haszn\u00e1ld a K\u00d6VETKEZ\u0150 OLDAL gombot!<\/strong><\/span><\/h3>\n<h3 style=\"text-align: right;\"><a href=\"https:\/\/hirekegyhelyen.live\/24infok\/?p=4994\" target=\"_blank\" rel=\"noopener\"><span style=\"color: #ff0000;\">&#8212;&gt;&gt; K\u00d6VETKEZ\u0150 OLDAL<\/span><\/a><\/h3>\n<p>&#8211;<\/p>\n<p>El\u0151sz\u00f6r is: az 1.0 T-GDi motor biztosan nem fog gyorsul\u00e1si versenyeket nyerni. A 113 l\u00f3er\u0151nek kell megmozgatnia egy k\u00f6r\u00fclbel\u00fcl m\u00e1sf\u00e9l tonn\u00e1s saj\u00e1t t\u00f6meg\u0171 ferdeh\u00e1t\u00fa aut\u00f3t, \u00edgy gyakorlatilag b\u00e1rmilyen m\u00e9rc\u00e9vel n\u00e9zve lass\u00fanak sz\u00e1m\u00edt. A helyzet m\u00e9g kev\u00e9sb\u00e9 kedvez\u0151 a duplakuplungos DCT v\u00e1lt\u00f3val szerelt v\u00e1ltozatn\u00e1l, ahol a 0\u2013100 km\/\u00f3r\u00e1s gyorsul\u00e1s 12,3 m\u00e1sodperc, ami egy tizedm\u00e1sodperccel lassabb, mint a k\u00e9zi v\u00e1lt\u00f3s kivitel\u00e9. Ugyanakkor ha az aut\u00f3 m\u00e1r el\u00e9rte az utaz\u00f3sebess\u00e9get, a lend\u00fclet fenntart\u00e1sa viszonylag k\u00f6nny\u0171. A motor nyomat\u00e9ka elegend\u0151 ahhoz, hogy ne \u00e9rezd azonnal sz\u00fcks\u00e9g\u00e9t annak, hogy egy vagy k\u00e9t fokozattal visszakapcsolj, ha egy kicsit nagyobb gyorsul\u00e1sra van sz\u00fcks\u00e9g.<\/p>\n<p>Az alacsony vezet\u00e9si poz\u00edci\u00f3, a sz\u00e9les karossz\u00e9ria \u00e9s az alacsonyan h\u00faz\u00f3d\u00f3 orr miatt a Kia K4 nem a legegyszer\u0171bb aut\u00f3, amikor kis sebess\u00e9gn\u00e9l kell pontosan elhelyezni az \u00faton vagy sz\u0171k helyeken. Szerencs\u00e9re a k\u00f6nny\u0171 korm\u00e1nyz\u00e1s sokat seg\u00edt a man\u0151verez\u00e9sben, \u00e9s sz\u00e1mos biztons\u00e1gi rendszer is rendelkez\u00e9sre \u00e1ll, amelyek t\u00e1mogatj\u00e1k a vezet\u0151t a mindennapi k\u00f6zleked\u00e9s sor\u00e1n. A s\u00e1vtart\u00f3 asszisztens minden ind\u00edt\u00e1skor automatikusan aktiv\u00e1l\u00f3dik, azonban a tapasztalatok szerint el\u00e9g hat\u00e1rozottan pr\u00f3b\u00e1l a s\u00e1vban tartani, ami n\u00e9ha kiss\u00e9 zavar\u00f3 lehet. Egy hosszabb gombnyom\u00e1ssal a korm\u00e1nyon azonban ki lehet kapcsolni.<\/p>\n<p>A h\u00e1ts\u00f3 parkol\u00f3radar \u00e9s a tolat\u00f3kamera minden modelln\u00e9l alapfelszerelts\u00e9g, m\u00edg a GT-Line v\u00e1ltozat m\u00e1r 360 fokos kamerarendszert is k\u00edn\u00e1l. \u00c9rdekes m\u00f3don azonban els\u0151 parkol\u00f3szenzor nem \u00e9rhet\u0151 el hozz\u00e1. Egy olyan funkci\u00f3 viszont hasznos lenne, amely automatikusan bekapcsoln\u00e1 a kamerarendszert akkor, amikor nagyon alacsony sebess\u00e9ggel, p\u00e9ld\u00e1ul parkol\u00f3helyre gurulva haladsz el\u0151re. Ez jelent\u0151sen megk\u00f6nny\u00edten\u00e9 az aut\u00f3 pontos pozicion\u00e1l\u00e1s\u00e1t an\u00e9lk\u00fcl, hogy el\u0151bb h\u00e1tramenetbe kellene kapcsolni a rendszer aktiv\u00e1l\u00e1s\u00e1hoz.<\/p>\n","protected":false},"excerpt":{"rendered":"<p>Az esetr\u0151l az o\/osz energ\/a\u00f3ri\u00e1s sz\u00e1molt be. A Gaz\/rom k\u00f6z\u00f6lte, hogy valamennyi t\u00e1\/ad\u00e1st siker\u00fclt meghi\u00fas\u00edtania. A besz\u00e1mol\u00f3b\u00f3l az is kider\u00fclt,&#8230; <span class=\"gridview-grid-post-read-more\"><a href=\"https:\/\/hirekegyhelyen.live\/napihirek\/mar-gaz-sem-jon-magyarorszagra\/\">read more<span class=\"gridview-sr-only\"> M\u00e1r g\u00e1z sem j\u00f6n Magyarorsz\u00e1gra<\/span><\/a><\/span><\/p>\n","protected":false},"author":1,"featured_media":4995,"comment_status":"open","ping_status":"open","sticky":false,"template":"","format":"standard","meta":{"footnotes":""},"categories":[1],"tags":[],"class_list":["post-4994","post","type-post","status-publish","format-standard","has-post-thumbnail","hentry","category-egyeb","wpcat-1-id"],"_links":{"self":[{"href":"https:\/\/hirekegyhelyen.live\/napihirek\/wp-json\/wp\/v2\/posts\/4994","targetHints":{"allow":["GET"]}}],"collection":[{"href":"https:\/\/hirekegyhelyen.live\/napihirek\/wp-json\/wp\/v2\/posts"}],"about":[{"href":"https:\/\/hirekegyhelyen.live\/napihirek\/wp-json\/wp\/v2\/types\/post"}],"author":[{"embeddable":true,"href":"https:\/\/hirekegyhelyen.live\/napihirek\/wp-json\/wp\/v2\/users\/1"}],"replies":[{"embeddable":true,"href":"https:\/\/hirekegyhelyen.live\/napihirek\/wp-json\/wp\/v2\/comments?post=4994"}],"version-history":[{"count":1,"href":"https:\/\/hirekegyhelyen.live\/napihirek\/wp-json\/wp\/v2\/posts\/4994\/revisions"}],"predecessor-version":[{"id":4996,"href":"https:\/\/hirekegyhelyen.live\/napihirek\/wp-json\/wp\/v2\/posts\/4994\/revisions\/4996"}],"wp:featuredmedia":[{"embeddable":true,"href":"https:\/\/hirekegyhelyen.live\/napihirek\/wp-json\/wp\/v2\/media\/4995"}],"wp:attachment":[{"href":"https:\/\/hirekegyhelyen.live\/napihirek\/wp-json\/wp\/v2\/media?parent=4994"}],"wp:term":[{"taxonomy":"category","embeddable":true,"href":"https:\/\/hirekegyhelyen.live\/napihirek\/wp-json\/wp\/v2\/categories?post=4994"},{"taxonomy":"post_tag","embeddable":true,"href":"https:\/\/hirekegyhelyen.live\/napihirek\/wp-json\/wp\/v2\/tags?post=4994"}],"curies":[{"name":"wp","href":"https:\/\/api.w.org\/{rel}","templated":true}]}}