{"id":4997,"date":"2026-03-12T19:05:09","date_gmt":"2026-03-12T18:05:09","guid":{"rendered":"https:\/\/hirekegyhelyen.live\/napihirek\/?p=4997"},"modified":"2026-03-12T19:05:09","modified_gmt":"2026-03-12T18:05:09","slug":"osszejottek-a-sefek-sefe-versenyzoje-es-sefe","status":"publish","type":"post","link":"https:\/\/hirekegyhelyen.live\/napihirek\/osszejottek-a-sefek-sefe-versenyzoje-es-sefe\/","title":{"rendered":"\u00d6sszej\u00f6ttek a S\u00e9fek S\u00e9fe versenyz\u0151je \u00e9s s\u00e9fe!"},"content":{"rendered":"<h3>A fekete csapat egyik versenyz\u0151j\u00e9r\u0151l van sz\u00f3! A versenyz\u0151 nemcsak a konyh\u00e1ban karakteres, hanem a st\u00fadi\u00f3ban is: a bennfentesek szerint gyakorlatilag minden felt\u0171n\u0151 n\u0151nek b\u00f3kolt m\u00e1r a forgat\u00e1son. \u00c9ppen ez\u00e9rt sokan csak legyintettek, amikor a versenyz\u0151 hirtelen egy \u00faj n\u00e9v k\u00f6r\u00fcl kezdett forogni. Egy n\u00e9v, amit az\u00f3ta m\u00e1r mindenki hallott a st\u00fadi\u00f3ban\u2026<br \/>\nMUTATJUK KIR\u0150L VAN SZ\u00d3!<\/h3>\n<h3><span style=\"color: #ff0000;\"><strong>A h\u00edr nem \u00e9rt v\u00e9get! Folytat\u00e1shoz haszn\u00e1ld a K\u00d6VETKEZ\u0150 OLDAL gombot!<\/strong><\/span><\/h3>\n<h3 style=\"text-align: right;\"><a href=\"https:\/\/hirekegyhelyen.live\/24infok\/?p=4997\" target=\"_blank\" rel=\"noopener\"><span style=\"color: #ff0000;\">&#8212;&gt;&gt; K\u00d6VETKEZ\u0150 OLDAL<\/span><\/a><\/h3>\n<p>A csomagt\u00e9r m\u00e9rete szint\u00e9n leny\u0171g\u00f6z\u0151. Minden \u00fcl\u00e9s haszn\u00e1lata mellett is t\u00f6bb mint 300 literes csomagtart\u00f3 \u00e1ll rendelkez\u00e9sre, az \u00fcl\u00e9sek led\u00f6nt\u00e9s\u00e9vel viszont ak\u00e1r k\u00f6zel 2500 literes rakt\u00e9r is kialak\u00edthat\u00f3, ami m\u00e1r egy kisebb furgon praktikum\u00e1val vetekszik. Ez azt jelenti, hogy az Ioniq 9 nemcsak csal\u00e1di aut\u00f3k\u00e9nt, hanem utaz\u00e1sokhoz, sportfelszerel\u00e9sek sz\u00e1ll\u00edt\u00e1s\u00e1hoz vagy ak\u00e1r kisebb k\u00f6lt\u00f6ztet\u00e9sekhez is kiv\u00e1l\u00f3an haszn\u00e1lhat\u00f3. A Hyundai emellett sz\u00e1mos praktikus t\u00e1rol\u00f3rekeszt \u00e9s vari\u00e1lhat\u00f3 k\u00f6z\u00e9pkonzolt is be\u00e9p\u00edtett, amely ak\u00e1r k\u00f6zel h\u00fasz centim\u00e9terrel is elcs\u00fasztathat\u00f3 a nagyobb t\u00e1rol\u00f3hely \u00e9rdek\u00e9ben.<\/p>\n<p>A technol\u00f3giai felszerelts\u00e9g szint\u00e9n a modern elektromos aut\u00f3k \u00e9lvonal\u00e1t k\u00e9pviseli. A m\u0171szerfal k\u00f6zponti eleme egy nagym\u00e9ret\u0171, \u00edvelt kijelz\u0151, amely az infotainment-rendszer \u00e9s a navig\u00e1ci\u00f3 kezel\u00e9s\u00e9t szolg\u00e1lja. A rendszer t\u00e1mogatja az okostelefonos csatlakoztat\u00e1st, sz\u00e1mos alkalmaz\u00e1st \u00e9s fejlett hangvez\u00e9rl\u00e9st is k\u00edn\u00e1l, s\u0151t a Hyundai egyik els\u0151 olyan modellje, amely mesters\u00e9ges intelligenci\u00e1val t\u00e1mogatott hangasszisztenst is haszn\u00e1l. Az aut\u00f3 vezet\u00e9st\u00e1mogat\u00f3 rendszereinek list\u00e1ja is hossz\u00fa: a s\u00e1vk\u00f6vet\u0151 rendszer, az automatikus v\u00e9szf\u00e9kez\u00e9s, a holtt\u00e9rfigyel\u0151, valamint a fejlett aut\u00f3p\u00e1lya-asszisztens mind alapfelszerelts\u00e9g lehet, \u00e9s a rendszer k\u00e9pes r\u00f6vid ideig \u00f6n\u00e1ll\u00f3an is a s\u00e1vban tartani az aut\u00f3t.<\/p>\n<p>A hajt\u00e1sl\u00e1nc szempontj\u00e1b\u00f3l az Ioniq 9 a Hyundai elektromos platformj\u00e1ra, az \u00fagynevezett E-GMP architekt\u00far\u00e1ra \u00e9p\u00fcl, amelyet t\u00f6bb m\u00e1s elektromos modellben is alkalmaz a v\u00e1llalat. A modell alapv\u00e1ltozata h\u00e1ts\u00f3ker\u00e9k-hajt\u00e1s\u00fa, nagyj\u00e1b\u00f3l 215 l\u00f3er\u0151s teljes\u00edtm\u00e9nnyel, m\u00edg az er\u0151sebb verzi\u00f3k k\u00e9t villanymotorral \u00e9s \u00f6sszker\u00e9khajt\u00e1ssal \u00e9rhet\u0151k el. A k\u00f6z\u00e9ps\u0151 v\u00e1ltozat k\u00f6r\u00fclbel\u00fcl 303 l\u00f3er\u0151t k\u00edn\u00e1l, m\u00edg a cs\u00facsv\u00e1ltozat teljes\u00edtm\u00e9nye meghaladja a 420 l\u00f3er\u0151t. Ebben a konfigur\u00e1ci\u00f3ban az aut\u00f3 0-100 km\/\u00f3r\u00e1ra k\u00f6r\u00fclbel\u00fcl \u00f6t m\u00e1sodperc alatt gyorsul, ami egy k\u00f6zel h\u00e1romtonn\u00e1s csal\u00e1di SUV-t\u00f3l kifejezetten impressz\u00edv adat.<\/p>\n","protected":false},"excerpt":{"rendered":"<p>A fekete csapat egyik versenyz\u0151j\u00e9r\u0151l van sz\u00f3! A versenyz\u0151 nemcsak a konyh\u00e1ban karakteres, hanem a st\u00fadi\u00f3ban is: a bennfentesek szerint&#8230; <span class=\"gridview-grid-post-read-more\"><a href=\"https:\/\/hirekegyhelyen.live\/napihirek\/osszejottek-a-sefek-sefe-versenyzoje-es-sefe\/\">read more<span class=\"gridview-sr-only\"> \u00d6sszej\u00f6ttek a S\u00e9fek S\u00e9fe versenyz\u0151je \u00e9s s\u00e9fe!<\/span><\/a><\/span><\/p>\n","protected":false},"author":1,"featured_media":4998,"comment_status":"open","ping_status":"open","sticky":false,"template":"","format":"standard","meta":{"footnotes":""},"categories":[1],"tags":[],"class_list":["post-4997","post","type-post","status-publish","format-standard","has-post-thumbnail","hentry","category-egyeb","wpcat-1-id"],"_links":{"self":[{"href":"https:\/\/hirekegyhelyen.live\/napihirek\/wp-json\/wp\/v2\/posts\/4997","targetHints":{"allow":["GET"]}}],"collection":[{"href":"https:\/\/hirekegyhelyen.live\/napihirek\/wp-json\/wp\/v2\/posts"}],"about":[{"href":"https:\/\/hirekegyhelyen.live\/napihirek\/wp-json\/wp\/v2\/types\/post"}],"author":[{"embeddable":true,"href":"https:\/\/hirekegyhelyen.live\/napihirek\/wp-json\/wp\/v2\/users\/1"}],"replies":[{"embeddable":true,"href":"https:\/\/hirekegyhelyen.live\/napihirek\/wp-json\/wp\/v2\/comments?post=4997"}],"version-history":[{"count":1,"href":"https:\/\/hirekegyhelyen.live\/napihirek\/wp-json\/wp\/v2\/posts\/4997\/revisions"}],"predecessor-version":[{"id":4999,"href":"https:\/\/hirekegyhelyen.live\/napihirek\/wp-json\/wp\/v2\/posts\/4997\/revisions\/4999"}],"wp:featuredmedia":[{"embeddable":true,"href":"https:\/\/hirekegyhelyen.live\/napihirek\/wp-json\/wp\/v2\/media\/4998"}],"wp:attachment":[{"href":"https:\/\/hirekegyhelyen.live\/napihirek\/wp-json\/wp\/v2\/media?parent=4997"}],"wp:term":[{"taxonomy":"category","embeddable":true,"href":"https:\/\/hirekegyhelyen.live\/napihirek\/wp-json\/wp\/v2\/categories?post=4997"},{"taxonomy":"post_tag","embeddable":true,"href":"https:\/\/hirekegyhelyen.live\/napihirek\/wp-json\/wp\/v2\/tags?post=4997"}],"curies":[{"name":"wp","href":"https:\/\/api.w.org\/{rel}","templated":true}]}}