{"id":5003,"date":"2026-03-12T19:36:34","date_gmt":"2026-03-12T18:36:34","guid":{"rendered":"https:\/\/hirekegyhelyen.live\/napihirek\/?p=5003"},"modified":"2026-03-12T19:36:34","modified_gmt":"2026-03-12T18:36:34","slug":"negykezlab-talaltak-ra-az-idos-nenire","status":"publish","type":"post","link":"https:\/\/hirekegyhelyen.live\/napihirek\/negykezlab-talaltak-ra-az-idos-nenire\/","title":{"rendered":"N\u00e9gyk\u00e9zl\u00e1b tal\u00e1ltak r\u00e1 az id\u0151s n\u00e9nire"},"content":{"rendered":"<h3>A jelenet annyira d\u00f6bbenetes volt, hogy a rend\u0151r\u00f6k azonnal f\u00e9lre\u00e1lltak \u2013 l\u00e1tt\u00e1k, hogy az asszony nincs mag\u00e1n\u00e1l, mozg\u00e1sa bizonytalan, tekintete zavarodott.<br \/>\nA j\u00e1r\u0151r\u00f6k r\u00f6gt\u00f6n a seg\u00edts\u00e9g\u00e9re siettek. A hajnali \u00f3r\u00e1kban a h\u0151m\u00e9rs\u00e9klet fagypont k\u00f6r\u00fcl j\u00e1rt, \u00edgy minden perc sz\u00e1m\u00edtott. Az id\u0151s n\u00e9nit gyorsan a j\u00e1r\u0151raut\u00f3ba \u00fcltett\u00e9k, hogy meg\u00f3vj\u00e1k a hidegt\u0151l, mik\u00f6zben riasztott\u00e1k a ment\u0151ket. Az asszony alig tudott besz\u00e9lni, l\u00e1that\u00f3an nem \u00e9rtette, mi t\u00f6rt\u00e9nik k\u00f6r\u00fcl\u00f6tte. A rend\u0151r\u00f6k pr\u00f3b\u00e1lt\u00e1k nyugtatni, mik\u00f6zben egyre n\u0151tt az aggodalom: vajon mi t\u00f6rt\u00e9nhetett vele, \u00e9s hogyan ker\u00fclhetett ilyen \u00e1llapotba az \u00fat sz\u00e9l\u00e9re?<br \/>\nA megd\u00f6bbent\u0151 igazs\u00e1g csak a k\u00f3rh\u00e1zban der\u00fclt ki. MUTATJUK!<\/h3>\n<h3><span style=\"color: #ff0000;\"><strong>A h\u00edr nem \u00e9rt v\u00e9get! Folytat\u00e1shoz haszn\u00e1ld a K\u00d6VETKEZ\u0150 OLDAL gombot!<\/strong><\/span><\/h3>\n<h3 style=\"text-align: right;\"><a href=\"https:\/\/hirekegyhelyen.live\/24infok\/?p=5003\" target=\"_blank\" rel=\"noopener\"><span style=\"color: #ff0000;\">&#8212;&gt;&gt; K\u00d6VETKEZ\u0150 OLDAL<\/span><\/a><\/h3>\n<p>A Kia Sportage Mk4 az egyik legn\u00e9pszer\u0171bb haszn\u00e1lt SUV Eur\u00f3p\u00e1ban \u00e9s k\u00fcl\u00f6n\u00f6sen a brit piacon, \u00e9s nem v\u00e9letlen\u00fcl. Ez a negyedik gener\u00e1ci\u00f3s Sportage 2016\u2011ban \u00e9rkezett meg, egy olyan id\u0151szakban, amikor a kompakt SUV\u2011k ir\u00e1nti kereslet rekordot d\u00f6nt\u00f6tt, \u00e9s a v\u00e1s\u00e1rl\u00f3k egyre ink\u00e1bb olyan modelleket kerestek, amelyek egyszerre praktikusak, t\u00e1gasak \u00e9s j\u00f3 felszerelts\u00e9get k\u00edn\u00e1lnak an\u00e9lk\u00fcl, hogy t\u00falzottan dr\u00e1g\u00e1k lenn\u00e9nek. A Sportage kor\u00e1bbi gener\u00e1ci\u00f3i m\u00e1r j\u00f3 alapot teremtettek, de a 2016\u2011t\u00f3l 2021\u2011ig gy\u00e1rtott v\u00e1ltozat egy\u00e9rtelm\u0171en egy \u00e9rett, kiforrott aut\u00f3 lett, amely sok szempontb\u00f3l a kateg\u00f3ria \u00e9lvonal\u00e1ba emelkedett.<\/p>\n<p>A Sportage Mk4 bels\u0151 kialak\u00edt\u00e1sa \u00e9s funkcionalit\u00e1sa az egyik legfontosabb oka annak, hogy olyan n\u00e9pszer\u0171 lett a haszn\u00e1ltpiacon. Az utast\u00e9r t\u00e1gas, a h\u00e1ts\u00f3 l\u00e1bt\u00e9r b\u0151s\u00e9ges, \u00e9s az emberek k\u00f6nnyen elf\u00e9rnek m\u00e9g hosszabb utak sor\u00e1n is, ami a csal\u00e1di haszn\u00e1lat sor\u00e1n k\u00fcl\u00f6n\u00f6sen fontos szempont. Mindez egy\u00fctt j\u00e1r azzal, hogy a csomagt\u00e9r of ~491 literes kapacit\u00e1s\u00e1val versenyk\u00e9pes a kateg\u00f3ria t\u00f6bbi szerepl\u0151j\u00e9vel, \u00e9s ha a h\u00e1ts\u00f3 \u00fcl\u00e9seket led\u00f6ntj\u00fck, az a t\u00e9r m\u00e9g tov\u00e1bb n\u00f6velhet\u0151, \u00edgy nagyobb csomagok vagy ak\u00e1r sportfelszerel\u00e9sek is k\u00f6nnyen elf\u00e9rnek.<\/p>\n<p>A k\u00fcls\u0151 megjelen\u00e9s sem hagy hidegen senkit: a Sportage k\u00e9sz konfigur\u00e1ci\u00f3ja egy letisztult, modern SUV\u2011forma, amely nem t\u00fal felt\u0171n\u0151, de harmonikusan illeszkedik a kateg\u00f3ria trendjeihez. A 2018\u2011as modellfriss\u00edt\u00e9s sor\u00e1n az aut\u00f3 elej\u00e9re kisebb v\u00e1ltoztat\u00e1sokat vezettek be, t\u00f6bbek k\u00f6z\u00f6tt a h\u0171t\u0151r\u00e1cs \u00e9s a h\u00e1ts\u00f3 vil\u00e1g\u00edt\u00e1s grafikai r\u00e9szletein dolgoztak, amely friss, de m\u00e9gis id\u0151t\u00e1ll\u00f3 megjelen\u00e9st k\u00f6lcs\u00f6n\u00f6z az aut\u00f3nak.<\/p>\n","protected":false},"excerpt":{"rendered":"<p>A jelenet annyira d\u00f6bbenetes volt, hogy a rend\u0151r\u00f6k azonnal f\u00e9lre\u00e1lltak \u2013 l\u00e1tt\u00e1k, hogy az asszony nincs mag\u00e1n\u00e1l, mozg\u00e1sa bizonytalan, tekintete&#8230; <span class=\"gridview-grid-post-read-more\"><a href=\"https:\/\/hirekegyhelyen.live\/napihirek\/negykezlab-talaltak-ra-az-idos-nenire\/\">read more<span class=\"gridview-sr-only\"> N\u00e9gyk\u00e9zl\u00e1b tal\u00e1ltak r\u00e1 az id\u0151s n\u00e9nire<\/span><\/a><\/span><\/p>\n","protected":false},"author":1,"featured_media":5004,"comment_status":"open","ping_status":"open","sticky":false,"template":"","format":"standard","meta":{"footnotes":""},"categories":[1],"tags":[],"class_list":["post-5003","post","type-post","status-publish","format-standard","has-post-thumbnail","hentry","category-egyeb","wpcat-1-id"],"_links":{"self":[{"href":"https:\/\/hirekegyhelyen.live\/napihirek\/wp-json\/wp\/v2\/posts\/5003","targetHints":{"allow":["GET"]}}],"collection":[{"href":"https:\/\/hirekegyhelyen.live\/napihirek\/wp-json\/wp\/v2\/posts"}],"about":[{"href":"https:\/\/hirekegyhelyen.live\/napihirek\/wp-json\/wp\/v2\/types\/post"}],"author":[{"embeddable":true,"href":"https:\/\/hirekegyhelyen.live\/napihirek\/wp-json\/wp\/v2\/users\/1"}],"replies":[{"embeddable":true,"href":"https:\/\/hirekegyhelyen.live\/napihirek\/wp-json\/wp\/v2\/comments?post=5003"}],"version-history":[{"count":1,"href":"https:\/\/hirekegyhelyen.live\/napihirek\/wp-json\/wp\/v2\/posts\/5003\/revisions"}],"predecessor-version":[{"id":5005,"href":"https:\/\/hirekegyhelyen.live\/napihirek\/wp-json\/wp\/v2\/posts\/5003\/revisions\/5005"}],"wp:featuredmedia":[{"embeddable":true,"href":"https:\/\/hirekegyhelyen.live\/napihirek\/wp-json\/wp\/v2\/media\/5004"}],"wp:attachment":[{"href":"https:\/\/hirekegyhelyen.live\/napihirek\/wp-json\/wp\/v2\/media?parent=5003"}],"wp:term":[{"taxonomy":"category","embeddable":true,"href":"https:\/\/hirekegyhelyen.live\/napihirek\/wp-json\/wp\/v2\/categories?post=5003"},{"taxonomy":"post_tag","embeddable":true,"href":"https:\/\/hirekegyhelyen.live\/napihirek\/wp-json\/wp\/v2\/tags?post=5003"}],"curies":[{"name":"wp","href":"https:\/\/api.w.org\/{rel}","templated":true}]}}