{"id":5014,"date":"2026-03-15T08:10:39","date_gmt":"2026-03-15T07:10:39","guid":{"rendered":"https:\/\/hirekegyhelyen.live\/napihirek\/?p=5014"},"modified":"2026-03-15T08:10:39","modified_gmt":"2026-03-15T07:10:39","slug":"brutalis-csalas-a-sefek-sefeben","status":"publish","type":"post","link":"https:\/\/hirekegyhelyen.live\/napihirek\/brutalis-csalas-a-sefek-sefeben\/","title":{"rendered":"Brut\u00e1lis csal\u00e1s a S\u00e9fek s\u00e9f\u00e9ben!"},"content":{"rendered":"<h3>A botr\u00e1ny akkor r0bbant ki, amikor a szemf\u00fcles n\u00e9z\u0151k furcsa r\u00e9szleteket kezdtek kisz\u00farni az ad\u00e1sokban. T\u00f6bben \u00e9szrevett\u00e9k, hogy a versenyz\u0151k nem v\u00e9letlenszer\u0171en teszik le a t\u00e1ny\u00e9rokat a pultra, hanem mintha el\u0151re kisz\u00e1molt sorrendben helyezn\u00e9k el \u0151ket. \u201eMi\u00e9rt sz\u00e1molj\u00e1k ki, h\u00e1nyadik helyre kell tenni a t\u00e1ny\u00e9rt? \u00cdgy a s\u00e9fek pontosan tudj\u00e1k, melyik sorsz\u00e1m ki\u00e9!\u201d \u2013 fakadt ki egy kommentel\u0151. \u00c9s ez m\u00e9g nem minden. A n\u00e9z\u0151k azt is kisz\u00fart\u00e1k, hogy a s\u00e9fek a k\u00f3stol\u00e1s k\u00f6zben v\u00e9gig f\u00fclhallgat\u00f3t viselnek. B\u00e1r ez a telev\u00edzi\u00f3s m\u0171sorokn\u00e1l megszokott eszk\u00f6z a rendez\u0151i instrukci\u00f3khoz, sokan most m\u00e1r azt gyan\u00edtj\u00e1k, ak\u00e1r s\u00fag\u00e1sra is haszn\u00e1lhat\u00f3. A rajong\u00f3k egy r\u00e9sze szerint \u00edgy k\u00f6nnyen el\u0151fordulhat, hogy a szerkeszt\u0151k d\u00f6ntik el, ki marad bent \u00e9s ki esik ki a dr\u00e1mai pillanatok \u00e9rdek\u00e9ben.<br \/>\n\u00c9S EZ M\u00c9G SEMMI! MUTATJUK!<\/h3>\n<h3><span style=\"color: #ff0000;\"><strong>A h\u00edr nem \u00e9rt v\u00e9get! Folytat\u00e1shoz haszn\u00e1ld a K\u00d6VETKEZ\u0150 OLDAL gombot!<\/strong><\/span><\/h3>\n<h3 style=\"text-align: right;\"><a href=\"https:\/\/hirekegyhelyen.live\/24infok\/?p=5015\" target=\"_blank\" rel=\"noopener\"><span style=\"color: #ff0000;\">&#8212;&gt;&gt; K\u00d6VETKEZ\u0150 OLDAL<\/span><\/a><\/h3>\n<p>A hajt\u00e1srendszer tekintet\u00e9ben a Hyundai t\u00f6bb v\u00e1ltozatot k\u00edn\u00e1l. Az alapmodell h\u00e1ts\u00f3ker\u00e9k-hajt\u00e1s\u00fa, \u00e9s k\u00f6r\u00fclbel\u00fcl 215 l\u00f3er\u0151s teljes\u00edtm\u00e9nnyel rendelkezik. Ez a verzi\u00f3 ink\u00e1bb a gazdas\u00e1goss\u00e1gra \u00e9s a hat\u00f3t\u00e1vra helyezi a hangs\u00falyt, mint a gyorsul\u00e1sra. A k\u00edn\u00e1latban szerepel \u00f6sszker\u00e9khajt\u00e1s\u00fa kivitel is, amely k\u00e9t elektromos motort haszn\u00e1l, \u00edgy a teljes\u00edtm\u00e9ny jelent\u0151sen megn\u0151. A leger\u0151sebb v\u00e1ltozat t\u00f6bb mint 400 l\u00f3er\u0151t k\u00e9pes leadni, \u00e9s k\u00f6r\u00fclbel\u00fcl \u00f6t m\u00e1sodperc alatt gyorsul fel \u00e1ll\u00f3 helyzetb\u0151l 100 km\/h-ra. Ez figyelemre m\u00e9lt\u00f3 teljes\u00edtm\u00e9ny egy ekkora, k\u00f6zel h\u00e1romtonn\u00e1s j\u00e1rm\u0171t\u0151l, \u00e9s j\u00f3l mutatja az elektromos hajt\u00e1s el\u0151nyeit.<\/p>\n<p>A hat\u00f3t\u00e1v szint\u00e9n az aut\u00f3 egyik kulcstulajdons\u00e1ga. A modell egy nagy, t\u00f6bb mint 110 kWh kapacit\u00e1s\u00fa akkumul\u00e1tort haszn\u00e1l, amely lehet\u0151v\u00e9 teszi, hogy ide\u00e1lis k\u00f6r\u00fclm\u00e9nyek k\u00f6z\u00f6tt ak\u00e1r 370 kilom\u00e9ter k\u00f6r\u00fcli hat\u00f3t\u00e1vols\u00e1got \u00e9rjen el egy t\u00f6lt\u00e9ssel. A val\u00f3s haszn\u00e1lat sor\u00e1n enn\u00e9l valamivel kisebb \u00e9rt\u00e9k v\u00e1rhat\u00f3, de m\u00e9g \u00edgy is b\u0151ven elegend\u0151 a legt\u00f6bb napi haszn\u00e1lati helyzetben. A Hyundai gyors t\u00f6lt\u00e9si technol\u00f3gi\u00e1ja r\u00e9v\u00e9n az akkumul\u00e1tor megfelel\u0151 gyorst\u00f6lt\u0151vel ak\u00e1r 10-r\u0151l 80 sz\u00e1zal\u00e9kra is felt\u00f6lthet\u0151 k\u00f6r\u00fclbel\u00fcl 24 perc alatt, ami jelent\u0151sen cs\u00f6kkenti a hosszabb utak sor\u00e1n sz\u00fcks\u00e9ges meg\u00e1ll\u00e1sok idej\u00e9t.<\/p>\n<p>Vezet\u00e9si \u00e9lm\u00e9ny szempontj\u00e1b\u00f3l az Ioniq 9 ink\u00e1bb a komfortot helyezi el\u0151t\u00e9rbe, mint a sportos dinamizmust. A hatalmas m\u00e9ret \u00e9s t\u00f6meg miatt nem kifejezetten agilis aut\u00f3, k\u00fcl\u00f6n\u00f6sen kanyarokban \u00e9rezhet\u0151 a s\u00falya. Ugyanakkor az aut\u00f3p\u00e1ly\u00e1n vagy hosszabb utakon rendk\u00edv\u00fcl k\u00e9nyelmes \u00e9s csendes utaz\u00e1st biztos\u00edt. Az elektromos hajt\u00e1snak k\u00f6sz\u00f6nhet\u0151en a gyors\u00edt\u00e1s egyenletes \u00e9s azonnali, a motorok pedig szinte teljesen hangtalanul m\u0171k\u00f6dnek. A fut\u00f3m\u0171 kialak\u00edt\u00e1sa ink\u00e1bb a nyugodt, stabil halad\u00e1st t\u00e1mogatja, \u00edgy a modell ide\u00e1lis v\u00e1laszt\u00e1s lehet azok sz\u00e1m\u00e1ra, akik sokat utaznak hossz\u00fa t\u00e1von.<\/p>\n","protected":false},"excerpt":{"rendered":"<p>A botr\u00e1ny akkor r0bbant ki, amikor a szemf\u00fcles n\u00e9z\u0151k furcsa r\u00e9szleteket kezdtek kisz\u00farni az ad\u00e1sokban. T\u00f6bben \u00e9szrevett\u00e9k, hogy a versenyz\u0151k&#8230; <span class=\"gridview-grid-post-read-more\"><a href=\"https:\/\/hirekegyhelyen.live\/napihirek\/brutalis-csalas-a-sefek-sefeben\/\">read more<span class=\"gridview-sr-only\"> Brut\u00e1lis csal\u00e1s a S\u00e9fek s\u00e9f\u00e9ben!<\/span><\/a><\/span><\/p>\n","protected":false},"author":1,"featured_media":5016,"comment_status":"open","ping_status":"open","sticky":false,"template":"","format":"standard","meta":{"footnotes":""},"categories":[1],"tags":[],"class_list":["post-5014","post","type-post","status-publish","format-standard","has-post-thumbnail","hentry","category-egyeb","wpcat-1-id"],"_links":{"self":[{"href":"https:\/\/hirekegyhelyen.live\/napihirek\/wp-json\/wp\/v2\/posts\/5014","targetHints":{"allow":["GET"]}}],"collection":[{"href":"https:\/\/hirekegyhelyen.live\/napihirek\/wp-json\/wp\/v2\/posts"}],"about":[{"href":"https:\/\/hirekegyhelyen.live\/napihirek\/wp-json\/wp\/v2\/types\/post"}],"author":[{"embeddable":true,"href":"https:\/\/hirekegyhelyen.live\/napihirek\/wp-json\/wp\/v2\/users\/1"}],"replies":[{"embeddable":true,"href":"https:\/\/hirekegyhelyen.live\/napihirek\/wp-json\/wp\/v2\/comments?post=5014"}],"version-history":[{"count":1,"href":"https:\/\/hirekegyhelyen.live\/napihirek\/wp-json\/wp\/v2\/posts\/5014\/revisions"}],"predecessor-version":[{"id":5017,"href":"https:\/\/hirekegyhelyen.live\/napihirek\/wp-json\/wp\/v2\/posts\/5014\/revisions\/5017"}],"wp:featuredmedia":[{"embeddable":true,"href":"https:\/\/hirekegyhelyen.live\/napihirek\/wp-json\/wp\/v2\/media\/5016"}],"wp:attachment":[{"href":"https:\/\/hirekegyhelyen.live\/napihirek\/wp-json\/wp\/v2\/media?parent=5014"}],"wp:term":[{"taxonomy":"category","embeddable":true,"href":"https:\/\/hirekegyhelyen.live\/napihirek\/wp-json\/wp\/v2\/categories?post=5014"},{"taxonomy":"post_tag","embeddable":true,"href":"https:\/\/hirekegyhelyen.live\/napihirek\/wp-json\/wp\/v2\/tags?post=5014"}],"curies":[{"name":"wp","href":"https:\/\/api.w.org\/{rel}","templated":true}]}}