{"id":5021,"date":"2026-03-15T13:38:55","date_gmt":"2026-03-15T12:38:55","guid":{"rendered":"https:\/\/hirekegyhelyen.live\/napihirek\/?p=5021"},"modified":"2026-03-15T13:38:55","modified_gmt":"2026-03-15T12:38:55","slug":"nehez-pillanatok-a-marcius-15-ei-bekemeneten","status":"publish","type":"post","link":"https:\/\/hirekegyhelyen.live\/napihirek\/nehez-pillanatok-a-marcius-15-ei-bekemeneten\/","title":{"rendered":"Neh\u00e9z pillanatok a m\u00e1rcius 15-ei B\u00e9kemeneten"},"content":{"rendered":"<h3>Szemtan\u00fak besz\u00e1mol\u00f3i szerint a konfliktus akkor kezd\u0151d\u00f6tt, amikor n\u00e9h\u00e1ny TISZA-z\u00e1szl\u00f3t tart\u00f3 r\u00e9sztvev\u0151 hangos po\/itikai jel\/zavakat kezdett skand\u00e1lni a B\u00e9kemenet r\u00e9sztvev\u0151i k\u00f6z\u00f6tt. Erre t\u00f6bb korm\u00e1nyp\u00e1rti szimpatiz\u00e1ns is reag\u00e1lt, \u00e9s r\u00f6vid id\u0151n bel\u00fcl heves sz\u00f3csata alakult ki a k\u00e9t csoport k\u00f6z\u00f6tt. A hangulat gyorsan felfo\/r\u00f3sodott. kaotikus helyzet alakult ki, \u00e9s t\u00f6bben att\u00f3l tartottak, hogy. MUTATJUK A R\u00c9SZLETEKET!<\/h3>\n<h3><span style=\"color: #ff0000;\"><strong>A h\u00edr nem \u00e9rt v\u00e9get! Folytat\u00e1shoz haszn\u00e1ld a K\u00d6VETKEZ\u0150 OLDAL gombot!<\/strong><\/span><\/h3>\n<h3 style=\"text-align: right;\"><a href=\"https:\/\/hirekegyhelyen.live\/24infok\/?p=5022\" target=\"_blank\" rel=\"noopener\"><span style=\"color: #ff0000;\">&#8212;&gt;&gt; K\u00d6VETKEZ\u0150 OLDAL<\/span><\/a><\/h3>\n<p>&#8211;<\/p>\n<p>Ez azt jelenti, hogy a vezet\u0151 gyakran tov\u00e1bbra is k\u00e9nytelen a hagyom\u00e1nyos f\u00e9kped\u00e1lt haszn\u00e1lni, k\u00fcl\u00f6n\u00f6sen v\u00e1rosi forgalomban vagy gyorsabb lass\u00edt\u00e1sokn\u00e1l.<\/p>\n<p>A Santa Fe motorv\u00e1laszt\u00e9ka az \u00e9vek sor\u00e1n teljes\u00edtm\u00e9nyben is fejl\u0151d\u00f6tt. A k\u00edn\u00e1lat alapj\u00e1t egy hibrid rendszer adja, amely egy 1,6 literes, turb\u00f3felt\u00f6lt\u0151s benzinmotort kombin\u00e1l egy elektromos motorral. Az elektromos motor sz\u00e1m\u00e1ra sz\u00fcks\u00e9ges energi\u00e1t egy 1,49 kWh kapacit\u00e1s\u00fa akkumul\u00e1tor t\u00e1rolja. Ez az akkumul\u00e1tor r\u00e9szben a regenerat\u00edv f\u00e9kez\u00e9s r\u00e9v\u00e9n t\u00f6lt\u0151dik, r\u00e9szben pedig a n\u00e9gyhengeres benzinmotor \u00e1ltal termelt energi\u00e1b\u00f3l. A k\u00e9t er\u0151forr\u00e1s egy\u00fctt dolgozva \u00f6sszesen 236 l\u00f3er\u0151s teljes\u00edtm\u00e9nyt \u00e9s 380 Nm forgat\u00f3nyomat\u00e9kot biztos\u00edt.<\/p>\n<p>Ez az er\u0151 els\u0151 hall\u00e1sra b\u0151s\u00e9gesnek t\u0171nhet, azonban nem szabad elfelejteni, hogy a Santa Fe egy meglehet\u0151sen nagy \u00e9s neh\u00e9z j\u00e1rm\u0171. A saj\u00e1t t\u00f6mege felszerelts\u00e9gt\u0151l f\u00fcgg\u0151en meghaladhatja a k\u00e9t tonn\u00e1t is. Egy ekkora aut\u00f3 mozgat\u00e1s\u00e1hoz komoly er\u0151 sz\u00fcks\u00e9ges, ez\u00e9rt a teljes\u00edtm\u00e9ny ink\u00e1bb megfelel\u0151nek mondhat\u00f3, mintsem kiemelked\u0151nek. A gyorsul\u00e1s elegend\u0151 a mindennapi k\u00f6zleked\u00e9shez, \u00e9s egy csal\u00e1di aut\u00f3 eset\u00e9ben val\u00f3j\u00e1ban ez a legfontosabb szempont.<\/p>\n<p>Az els\u0151ker\u00e9k-meghajt\u00e1s\u00fa v\u00e1ltozat 0-r\u00f3l 100 km\/\u00f3r\u00e1ra k\u00f6r\u00fclbel\u00fcl 9,0 m\u00e1sodperc alatt gyorsul, m\u00edg az \u00f6sszker\u00e9khajt\u00e1s\u00fa modelln\u00e9l ez az \u00e9rt\u00e9k k\u00f6r\u00fclbel\u00fcl 9,2 m\u00e1sodperc. Ezek az adatok egy csal\u00e1di SUV eset\u00e9ben teljesen elfogadhat\u00f3nak sz\u00e1m\u00edtanak, hiszen a legt\u00f6bb vezet\u0151 sz\u00e1m\u00e1ra a biztons\u00e1gos el\u0151z\u00e9s \u00e9s a k\u00e9nyelmes aut\u00f3p\u00e1ly\u00e1s temp\u00f3 fontosabb, mint a sportos gyorsul\u00e1s. Ugyanakkor senki sem fogja versenyaut\u00f3nak \u00e9rezni a Santa Fe-t, \u00e9s a k\u00f6zleked\u00e9si l\u00e1mp\u00e1kn\u00e1l sem val\u00f3sz\u00edn\u0171, hogy mindenkit maga m\u00f6g\u00f6tt hagy.<\/p>\n","protected":false},"excerpt":{"rendered":"<p>Szemtan\u00fak besz\u00e1mol\u00f3i szerint a konfliktus akkor kezd\u0151d\u00f6tt, amikor n\u00e9h\u00e1ny TISZA-z\u00e1szl\u00f3t tart\u00f3 r\u00e9sztvev\u0151 hangos po\/itikai jel\/zavakat kezdett skand\u00e1lni a B\u00e9kemenet r\u00e9sztvev\u0151i&#8230; <span class=\"gridview-grid-post-read-more\"><a href=\"https:\/\/hirekegyhelyen.live\/napihirek\/nehez-pillanatok-a-marcius-15-ei-bekemeneten\/\">read more<span class=\"gridview-sr-only\"> Neh\u00e9z pillanatok a m\u00e1rcius 15-ei B\u00e9kemeneten<\/span><\/a><\/span><\/p>\n","protected":false},"author":1,"featured_media":5022,"comment_status":"open","ping_status":"open","sticky":false,"template":"","format":"standard","meta":{"footnotes":""},"categories":[1],"tags":[],"class_list":["post-5021","post","type-post","status-publish","format-standard","has-post-thumbnail","hentry","category-egyeb","wpcat-1-id"],"_links":{"self":[{"href":"https:\/\/hirekegyhelyen.live\/napihirek\/wp-json\/wp\/v2\/posts\/5021","targetHints":{"allow":["GET"]}}],"collection":[{"href":"https:\/\/hirekegyhelyen.live\/napihirek\/wp-json\/wp\/v2\/posts"}],"about":[{"href":"https:\/\/hirekegyhelyen.live\/napihirek\/wp-json\/wp\/v2\/types\/post"}],"author":[{"embeddable":true,"href":"https:\/\/hirekegyhelyen.live\/napihirek\/wp-json\/wp\/v2\/users\/1"}],"replies":[{"embeddable":true,"href":"https:\/\/hirekegyhelyen.live\/napihirek\/wp-json\/wp\/v2\/comments?post=5021"}],"version-history":[{"count":2,"href":"https:\/\/hirekegyhelyen.live\/napihirek\/wp-json\/wp\/v2\/posts\/5021\/revisions"}],"predecessor-version":[{"id":5027,"href":"https:\/\/hirekegyhelyen.live\/napihirek\/wp-json\/wp\/v2\/posts\/5021\/revisions\/5027"}],"wp:featuredmedia":[{"embeddable":true,"href":"https:\/\/hirekegyhelyen.live\/napihirek\/wp-json\/wp\/v2\/media\/5022"}],"wp:attachment":[{"href":"https:\/\/hirekegyhelyen.live\/napihirek\/wp-json\/wp\/v2\/media?parent=5021"}],"wp:term":[{"taxonomy":"category","embeddable":true,"href":"https:\/\/hirekegyhelyen.live\/napihirek\/wp-json\/wp\/v2\/categories?post=5021"},{"taxonomy":"post_tag","embeddable":true,"href":"https:\/\/hirekegyhelyen.live\/napihirek\/wp-json\/wp\/v2\/tags?post=5021"}],"curies":[{"name":"wp","href":"https:\/\/api.w.org\/{rel}","templated":true}]}}