{"id":5024,"date":"2026-03-15T20:26:43","date_gmt":"2026-03-15T19:26:43","guid":{"rendered":"https:\/\/hirekegyhelyen.live\/napihirek\/?p=5024"},"modified":"2026-03-15T20:26:43","modified_gmt":"2026-03-15T19:26:43","slug":"kiderult-az-elnok-betegsege","status":"publish","type":"post","link":"https:\/\/hirekegyhelyen.live\/napihirek\/kiderult-az-elnok-betegsege\/","title":{"rendered":"Kider\u00fclt az eln\u00f6k betegs\u00e9ge!"},"content":{"rendered":"<h3>Az 0r0sz eln\u00f6k eg\u00e9szs\u00e9gi \u00e1llapota m\u00e1r \u00e9vek \u00f3ta a tal\u00e1lgat\u00e1sok k\u00f6z\u00e9ppontj\u00e1ban \u00e1ll. Id\u00e9n t\u00f6lti be a 74. \u00e9let\u00e9v\u00e9t, mik\u00f6zben a hivatalos kommunik\u00e1ci\u00f3 szerint tov\u00e1bbra is kiv\u00e1l\u00f3 form\u00e1ban van. A Krem\/l sok\u00e1ig tudatosan \u00e9p\u00edtette azt a k\u00e9pet r\u00f3la, mint rendk\u00edv\u00fcl er\u0151s \u00e9s energikus vezet\u0151r\u0151l: vad\u00e1\/s\/zat0kon, j\u00e9gkorong-meccseken vagy ak\u00e1r jeges v\u00edzben f\u00fcr\u00f6dve is l\u00e1thatt\u00e1k a kamer\u00e1k. Az elm\u00falt id\u0151szakban azonban egyre t\u00f6bben figyeltek fel apr\u00f3, de besz\u00e9des v\u00e1ltoz\u00e1sokra. A megfigyel\u0151k szerint az eln\u00f6k arca gyakran puffadtabbnak t\u0171nik, mozdulatai id\u0151nk\u00e9nt merevebbek, \u00e9s bizonyos nyilv\u00e1nos esem\u00e9nyeken felt\u0171n\u0151en f\u00e1radtnak l\u00e1tszik.<br \/>\nDE AMI MOST DER\u00dcLT KI AZ MINDENT FEL\u00dcL \u00cdR! MUTATJUK!<\/h3>\n<h3><span style=\"color: #ff0000;\"><strong>A h\u00edr nem \u00e9rt v\u00e9get! Folytat\u00e1shoz haszn\u00e1ld a K\u00d6VETKEZ\u0150 OLDAL gombot!<\/strong><\/span><\/h3>\n<h3 style=\"text-align: right;\"><a href=\"https:\/\/hirekegyhelyen.live\/24infok\/?p=5025\" target=\"_blank\" rel=\"noopener\"><span style=\"color: #ff0000;\">&#8212;&gt;&gt; K\u00d6VETKEZ\u0150 OLDAL<\/span><\/a><\/h3>\n<p>A k\u00fcls\u0151 formatervez\u00e9s az ut\u00f3bbi gener\u00e1ci\u00f3kban jelent\u0151s fejl\u0151d\u00e9sen ment kereszt\u00fcl. A kor\u00e1bbi Yaris modellek ink\u00e1bb visszafogott megjelen\u00e9s\u0171ek voltak, az \u00faj v\u00e1ltozat viszont sokkal sportosabb \u00e9s karakteresebb st\u00edlust kapott. A sz\u00e9les h\u0171t\u0151r\u00e1cs, az er\u0151teljes s\u00e1rv\u00e9d\u0151\u00edvek \u00e9s az \u00e9les karossz\u00e9riavonalak dinamikusabb hat\u00e1st keltenek, mik\u00f6zben az aut\u00f3 kompakt m\u00e9rete megmaradt. A diz\u00e1jn egyes elemei m\u00e9g a sportos v\u00e1ltozatok, p\u00e9ld\u00e1ul a GR modellek formavil\u00e1g\u00e1t is id\u00e9zik, ami egy kis plusz karaktert ad az alapv\u00e1ltozatnak.<\/p>\n<p>Az utast\u00e9r kialak\u00edt\u00e1sa praktikus \u00e9s ergonomikus. B\u00e1r a bels\u0151 diz\u00e1jn nem felt\u00e9tlen\u00fcl olyan l\u00e1tv\u00e1nyos, mint n\u00e9h\u00e1ny riv\u00e1lis \u2013 p\u00e9ld\u00e1ul egyes francia modellek futurisztikus m\u0171szerfala \u2013, a Yaris kabinja j\u00f3l \u00e1tgondolt \u00e9s k\u00f6nnyen haszn\u00e1lhat\u00f3. A m\u0171szerfalon tal\u00e1lhat\u00f3 \u00e9rint\u0151k\u00e9perny\u0151s infotainment rendszer t\u00e1mogatja az okostelefonos csatlakoz\u00e1st, \u00edgy az Apple CarPlay \u00e9s az Android Auto haszn\u00e1lata is megoldhat\u00f3. A kezel\u0151szervek logikus elrendez\u00e9s\u0171ek, ami megk\u00f6nny\u00edti a mindennapi haszn\u00e1latot, b\u00e1r a rendszer men\u00fcje n\u00e9ha bonyolultabb lehet, mint n\u00e9h\u00e1ny riv\u00e1lisn\u00e1l.<\/p>\n<p>A felszerelts\u00e9g m\u00e1r az alapmodellek eset\u00e9ben is meglehet\u0151sen gazdag. A bel\u00e9p\u0151 szint\u0171 v\u00e1ltozat p\u00e9ld\u00e1ul k\u00f6nny\u0171f\u00e9m felniket, automata f\u00e9nysz\u00f3r\u00f3kat, adapt\u00edv tempomatot, kl\u00edmaberendez\u00e9st \u00e9s tolat\u00f3kamer\u00e1t is tartalmaz. Emellett a Toyota nagy hangs\u00falyt fektetett a biztons\u00e1gi rendszerekre is. A modern vezet\u00e9st\u00e1mogat\u00f3 technol\u00f3gi\u00e1k k\u00f6z\u00e9 tartozik az automatikus v\u00e9szf\u00e9kez\u00e9s, a s\u00e1vtart\u00f3 rendszer, a k\u00f6zleked\u00e9si t\u00e1bl\u00e1k felismer\u00e9se \u00e9s a vezet\u0151 figyelmeztet\u0151 rendszere. Ezek a funkci\u00f3k seg\u00edtenek cs\u00f6kkenteni a balesetek kock\u00e1zat\u00e1t, k\u00fcl\u00f6n\u00f6sen a v\u00e1rosi forgalomban.<\/p>\n","protected":false},"excerpt":{"rendered":"<p>Az 0r0sz eln\u00f6k eg\u00e9szs\u00e9gi \u00e1llapota m\u00e1r \u00e9vek \u00f3ta a tal\u00e1lgat\u00e1sok k\u00f6z\u00e9ppontj\u00e1ban \u00e1ll. Id\u00e9n t\u00f6lti be a 74. \u00e9let\u00e9v\u00e9t, mik\u00f6zben a&#8230; <span class=\"gridview-grid-post-read-more\"><a href=\"https:\/\/hirekegyhelyen.live\/napihirek\/kiderult-az-elnok-betegsege\/\">read more<span class=\"gridview-sr-only\"> Kider\u00fclt az eln\u00f6k betegs\u00e9ge!<\/span><\/a><\/span><\/p>\n","protected":false},"author":1,"featured_media":5025,"comment_status":"open","ping_status":"open","sticky":false,"template":"","format":"standard","meta":{"footnotes":""},"categories":[1],"tags":[],"class_list":["post-5024","post","type-post","status-publish","format-standard","has-post-thumbnail","hentry","category-egyeb","wpcat-1-id"],"_links":{"self":[{"href":"https:\/\/hirekegyhelyen.live\/napihirek\/wp-json\/wp\/v2\/posts\/5024","targetHints":{"allow":["GET"]}}],"collection":[{"href":"https:\/\/hirekegyhelyen.live\/napihirek\/wp-json\/wp\/v2\/posts"}],"about":[{"href":"https:\/\/hirekegyhelyen.live\/napihirek\/wp-json\/wp\/v2\/types\/post"}],"author":[{"embeddable":true,"href":"https:\/\/hirekegyhelyen.live\/napihirek\/wp-json\/wp\/v2\/users\/1"}],"replies":[{"embeddable":true,"href":"https:\/\/hirekegyhelyen.live\/napihirek\/wp-json\/wp\/v2\/comments?post=5024"}],"version-history":[{"count":1,"href":"https:\/\/hirekegyhelyen.live\/napihirek\/wp-json\/wp\/v2\/posts\/5024\/revisions"}],"predecessor-version":[{"id":5026,"href":"https:\/\/hirekegyhelyen.live\/napihirek\/wp-json\/wp\/v2\/posts\/5024\/revisions\/5026"}],"wp:featuredmedia":[{"embeddable":true,"href":"https:\/\/hirekegyhelyen.live\/napihirek\/wp-json\/wp\/v2\/media\/5025"}],"wp:attachment":[{"href":"https:\/\/hirekegyhelyen.live\/napihirek\/wp-json\/wp\/v2\/media?parent=5024"}],"wp:term":[{"taxonomy":"category","embeddable":true,"href":"https:\/\/hirekegyhelyen.live\/napihirek\/wp-json\/wp\/v2\/categories?post=5024"},{"taxonomy":"post_tag","embeddable":true,"href":"https:\/\/hirekegyhelyen.live\/napihirek\/wp-json\/wp\/v2\/tags?post=5024"}],"curies":[{"name":"wp","href":"https:\/\/api.w.org\/{rel}","templated":true}]}}