{"id":5028,"date":"2026-03-16T07:20:40","date_gmt":"2026-03-16T06:20:40","guid":{"rendered":"https:\/\/hirekegyhelyen.live\/napihirek\/?p=5028"},"modified":"2026-03-16T07:20:40","modified_gmt":"2026-03-16T06:20:40","slug":"sosem-latott-tomeg-gyult-ossze-magyar-meneten","status":"publish","type":"post","link":"https:\/\/hirekegyhelyen.live\/napihirek\/sosem-latott-tomeg-gyult-ossze-magyar-meneten\/","title":{"rendered":"Sosem l\u00e1tott t\u00f6meg gy\u0171lt \u00f6ssze Magyar menet\u00e9n"},"content":{"rendered":"<h3>A besz\u00e1mol\u00f3k szerint a r\u00e9sztvev\u0151k sz\u00e1ma olyan hatalmas, hogy a t\u00f6meg v\u00e9ge m\u00e9g a De\u00e1k Ferenc t\u00e9ren \u00e1ll, mik\u00f6zben maga a rendezv\u00e9ny m\u00e1r a H\u0151s\u00f6k ter\u00e9n zajlik. A helysz\u00ednen k\u00e9sz\u00fclt besz\u00e1mol\u00f3k szerint a De\u00e1k t\u00e9r gyakorlatilag teljesen megtelt, s\u0151t a k\u00f6rnyez\u0151 utc\u00e1kban is emberek t\u00f6megei \u00e1llnak. A t\u00f6meg nagys\u00e1g\u00e1t j\u00f3l jelzi az is, hogy a h\u00e1rmas metr\u00f3vonalon szinte lehetetlen k\u00f6zlekedni a hatalmas t\u00f6meg miatt. Torzsa S\u00e1ndor ellenz\u00e9ki \u00f6nkorm\u00e1nyzati k\u00e9pvisel\u0151 is k\u00f6zz\u00e9tett egy fot\u00f3t a helysz\u00ednr\u0151l: 14:41 ez nem a H\u0151s\u00f6k tere, ahol a t\u00f6meg eleje van, hanem a De\u00e1k Ferenc t\u00e9r. A t\u00f6meg konkr\u00e9tan m\u00e9g mindig \u00e1ll. M\u00e9g az Andr\u00e1ssy \u00fatig se tud eljutni. MUTATJUK A R\u00c9SZLETEKET \u00c9S A SZ\u00c1M ADATOKAT!<\/h3>\n<h3><span style=\"color: #ff0000;\"><strong>A h\u00edr nem \u00e9rt v\u00e9get! Folytat\u00e1shoz haszn\u00e1ld a K\u00d6VETKEZ\u0150 OLDAL gombot!<\/strong><\/span><\/h3>\n<h3 style=\"text-align: right;\"><a href=\"https:\/\/hirekegyhelyen.live\/24infok\/?p=5028\" target=\"_blank\" rel=\"noopener\"><span style=\"color: #ff0000;\">&#8212;&gt;&gt; K\u00d6VETKEZ\u0150 OLDAL<\/span><\/a><\/h3>\n<p>&#8211;<\/p>\n<p>A Juke diz\u00e1jnja tov\u00e1bbra is mer\u00e9sz \u00e9s polariz\u00e1l\u00f3, ami a Nissant\u00f3l elv\u00e1rhat\u00f3. Az aut\u00f3 eleje hat a nagy h\u0171t\u0151r\u00e1cs miatt, amit kr\u00f3m cs\u00edkok kereteznek, h\u00e1tul pedig a diff\u00fazor-szer\u0171 elem ad sportos jelleget. Bel\u00fcl a m\u0171szerfal aszimmetrikus, a vezet\u0151 oldala letisztult, a k\u00f6z\u00e9pkonzol magasra h\u00faz\u00f3dik, ami cocoon-szer\u0171 \u00e9rzetet kelt. Az \u00fcl\u00e9sek k\u00e9nyelmesek, de a h\u00e1ts\u00f3 l\u00e1bt\u00e9r sz\u0171k\u00f6s, f\u0151leg magasabbaknak. A csomagtart\u00f3 422 literes, b\u0151v\u00edthet\u0151 1305 literre, ami praktikus v\u00e1rosi haszn\u00e1latra.<\/p>\n<p>Motorpalett\u00e1ja v\u00e1ltozatos: az 1,0 literes h\u00e1romhengeres benzinest 114 l\u00f3er\u0151vel k\u00edn\u00e1lj\u00e1k, ami friss \u00e9s \u00e9l\u00e9nk, de aut\u00f3p\u00e1ly\u00e1n hangos. A 1,5 literes d\u00edzel 115 l\u00f3er\u0151s, nyomat\u00e9kos, ide\u00e1lis hossz\u00fa utakra. A hibrid 143 l\u00f3er\u0151s rendszert hoz, elektromotorral kieg\u00e9sz\u00edtve a 1,6 literes benzint, ami sima j\u00e1r\u00e1st \u00e9s jobb fogyaszt\u00e1st ad. V\u00e1lt\u00f3k: 6 sebess\u00e9ges manu\u00e1lis vagy Xtronic CVT automata, ami puha, de n\u00e9ha lass\u00fa.<\/p>\n<p>Fut\u00f3m\u0171ve feszes, j\u00f3l tartja az \u00edveket, de a 19 colos kerekek miatt kem\u00e9nyebb a komfort. Biztons\u00e1g ter\u00e9n 5 csillagot kapott az Euro NCAP-t\u00f3l, adapt\u00edv tempomat, s\u00e1vv\u00e1lt\u00f3 asszisztens, holtt\u00e9rfigyel\u0151 standard felszerelts\u00e9gben. Infotainment: 8 colos \u00e9rint\u0151kijelz\u0151, Apple CarPlay\/Android Auto vezet\u00e9k n\u00e9lk\u00fcl, Bose hangrendszer opci\u00f3.<\/p>\n","protected":false},"excerpt":{"rendered":"<p>A besz\u00e1mol\u00f3k szerint a r\u00e9sztvev\u0151k sz\u00e1ma olyan hatalmas, hogy a t\u00f6meg v\u00e9ge m\u00e9g a De\u00e1k Ferenc t\u00e9ren \u00e1ll, mik\u00f6zben maga&#8230; <span class=\"gridview-grid-post-read-more\"><a href=\"https:\/\/hirekegyhelyen.live\/napihirek\/sosem-latott-tomeg-gyult-ossze-magyar-meneten\/\">read more<span class=\"gridview-sr-only\"> Sosem l\u00e1tott t\u00f6meg gy\u0171lt \u00f6ssze Magyar menet\u00e9n<\/span><\/a><\/span><\/p>\n","protected":false},"author":1,"featured_media":5029,"comment_status":"open","ping_status":"open","sticky":false,"template":"","format":"standard","meta":{"footnotes":""},"categories":[1],"tags":[],"class_list":["post-5028","post","type-post","status-publish","format-standard","has-post-thumbnail","hentry","category-egyeb","wpcat-1-id"],"_links":{"self":[{"href":"https:\/\/hirekegyhelyen.live\/napihirek\/wp-json\/wp\/v2\/posts\/5028","targetHints":{"allow":["GET"]}}],"collection":[{"href":"https:\/\/hirekegyhelyen.live\/napihirek\/wp-json\/wp\/v2\/posts"}],"about":[{"href":"https:\/\/hirekegyhelyen.live\/napihirek\/wp-json\/wp\/v2\/types\/post"}],"author":[{"embeddable":true,"href":"https:\/\/hirekegyhelyen.live\/napihirek\/wp-json\/wp\/v2\/users\/1"}],"replies":[{"embeddable":true,"href":"https:\/\/hirekegyhelyen.live\/napihirek\/wp-json\/wp\/v2\/comments?post=5028"}],"version-history":[{"count":1,"href":"https:\/\/hirekegyhelyen.live\/napihirek\/wp-json\/wp\/v2\/posts\/5028\/revisions"}],"predecessor-version":[{"id":5030,"href":"https:\/\/hirekegyhelyen.live\/napihirek\/wp-json\/wp\/v2\/posts\/5028\/revisions\/5030"}],"wp:featuredmedia":[{"embeddable":true,"href":"https:\/\/hirekegyhelyen.live\/napihirek\/wp-json\/wp\/v2\/media\/5029"}],"wp:attachment":[{"href":"https:\/\/hirekegyhelyen.live\/napihirek\/wp-json\/wp\/v2\/media?parent=5028"}],"wp:term":[{"taxonomy":"category","embeddable":true,"href":"https:\/\/hirekegyhelyen.live\/napihirek\/wp-json\/wp\/v2\/categories?post=5028"},{"taxonomy":"post_tag","embeddable":true,"href":"https:\/\/hirekegyhelyen.live\/napihirek\/wp-json\/wp\/v2\/tags?post=5028"}],"curies":[{"name":"wp","href":"https:\/\/api.w.org\/{rel}","templated":true}]}}