{"id":5031,"date":"2026-03-16T18:46:05","date_gmt":"2026-03-16T17:46:05","guid":{"rendered":"https:\/\/hirekegyhelyen.live\/napihirek\/?p=5031"},"modified":"2026-03-16T18:46:05","modified_gmt":"2026-03-16T17:46:05","slug":"itt-voltak-tobben-marcius-15-en","status":"publish","type":"post","link":"https:\/\/hirekegyhelyen.live\/napihirek\/itt-voltak-tobben-marcius-15-en\/","title":{"rendered":"Itt voltak t\u00f6bben M\u00e1rcius 15-\u00e9n!"},"content":{"rendered":"<h3>A m\u00f3dszer az\u00e9rt is k\u00fcl\u00f6n\u00f6sen \u00e9rdekes, mert olyan emberek jelenl\u00e9t\u00e9t is kimutatja, akik egy napra \u00e9rkeztek a rendezv\u00e9nyekre, de nem sz\u00e1lltak meg Budapesten. Vagyis azok is belesz\u00e1m\u00edtanak a statisztik\u00e1ba, akik csak az \u00fcnneps\u00e9gek miatt utaztak a f\u0151v\u00e1rosba. Az elemz\u00e9sekb\u0151l az is kider\u00fcl, hogy a t\u00f6meg hol s\u0171r\u0171s\u00f6d\u00f6tt \u00f6ssze legink\u00e1bb: mely utc\u00e1k \u00e9s terek teltek meg a legjobban az \u00fcnnepl\u0151kkel.<br \/>\nITT VANNAK A HIVATALOS SZ\u00c1MOK:<\/h3>\n<h3><span style=\"color: #ff0000;\"><strong>A h\u00edr nem \u00e9rt v\u00e9get! Folytat\u00e1shoz haszn\u00e1ld a K\u00d6VETKEZ\u0150 OLDAL gombot!<\/strong><\/span><\/h3>\n<h3 style=\"text-align: right;\"><a href=\"https:\/\/hirekegyhelyen.live\/24infok\/?p=5033\" target=\"_blank\" rel=\"noopener\"><span style=\"color: #ff0000;\">&#8212;&gt;&gt; K\u00d6VETKEZ\u0150 OLDAL<\/span><\/a><\/h3>\n<p>A Nissan Ariya k\u00e9tf\u00e9le akkumul\u00e1torral \u00e9rhet\u0151 el. Az alapv\u00e1ltozat egy 63 kWh kapacit\u00e1s\u00fa akkumul\u00e1tort haszn\u00e1l, amely k\u00f6r\u00fclbel\u00fcl 250 m\u00e9rf\u00f6ld, vagyis nagyj\u00e1b\u00f3l 400 kilom\u00e9ter hat\u00f3t\u00e1vols\u00e1got k\u00edn\u00e1l a hivatalos m\u00e9r\u00e9si ciklus szerint. A nagyobb, 87 kWh-s akkumul\u00e1torral szerelt v\u00e1ltozat ak\u00e1r 329 m\u00e9rf\u00f6ldes, vagyis k\u00f6zel 530 kilom\u00e9teres hat\u00f3t\u00e1vols\u00e1got is el\u00e9rhet ide\u00e1lis k\u00f6r\u00fclm\u00e9nyek k\u00f6z\u00f6tt. Ez a nagyobb akkumul\u00e1tor els\u0151sorban azoknak a v\u00e1s\u00e1rl\u00f3knak lehet vonz\u00f3, akik hosszabb utakat tesznek meg, vagy ritk\u00e1bban szeretn\u00e9k t\u00f6lteni az aut\u00f3jukat.<\/p>\n<p>A teljes\u00edtm\u00e9ny tekintet\u00e9ben az Ariya t\u00f6bbf\u00e9le konfigur\u00e1ci\u00f3ban is el\u00e9rhet\u0151. Az alapv\u00e1ltozat k\u00f6r\u00fclbel\u00fcl 214 l\u00f3er\u0151s teljes\u00edtm\u00e9nyt k\u00edn\u00e1l, m\u00edg a nagyobb akkumul\u00e1torral szerelt verzi\u00f3 239 l\u00f3er\u0151 k\u00f6r\u00fcli teljes\u00edtm\u00e9nyt ny\u00fajt. A leger\u0151sebb v\u00e1ltozat a k\u00e9tmotoros \u00f6sszker\u00e9khajt\u00e1s\u00fa e-4ORCE rendszerrel k\u00e9sz\u00fcl, amely ak\u00e1r 302 l\u00f3er\u0151s teljes\u00edtm\u00e9nyt biztos\u00edt, \u00e9s 5,7 m\u00e1sodperc alatt gyorsul fel 0-r\u00f3l 100 km\/\u00f3r\u00e1ra. A sportos cs\u00facsmodell, az Ariya Nismo m\u00e9g enn\u00e9l is er\u0151sebb, mintegy 429 l\u00f3er\u0151s teljes\u00edtm\u00e9nnyel \u00e9s k\u00f6r\u00fclbel\u00fcl 5 m\u00e1sodperces gyorsul\u00e1ssal.<\/p>\n<p>A vezet\u00e9si \u00e9lm\u00e9ny tekintet\u00e9ben az Ariya els\u0151sorban a k\u00e9nyelmet \u00e9s a kifinomults\u00e1got helyezi el\u0151t\u00e9rbe. A fut\u00f3m\u0171 \u00fagy lett hangolva, hogy j\u00f3l elnyelje az \u00fathib\u00e1kat, \u00edgy az aut\u00f3 k\u00fcl\u00f6n\u00f6sen hosszabb utakon bizonyul k\u00e9nyelmesnek. B\u00e1r sportos vezet\u00e9sre is k\u00e9pes, karaktere ink\u00e1bb nyugodt \u00e9s stabil. Az elektromos hajt\u00e1sl\u00e1nc azonnali nyomat\u00e9ka miatt az aut\u00f3 gyors reakci\u00f3kat ad a g\u00e1zped\u00e1lra, ugyanakkor a rendszer finoman adagolja az er\u0151t, hogy a vezet\u00e9s kisz\u00e1m\u00edthat\u00f3 \u00e9s sima legyen. A zajszint is rendk\u00edv\u00fcl alacsony, ami az elektromos hajt\u00e1s egyik legnagyobb el\u0151nye.<\/p>\n","protected":false},"excerpt":{"rendered":"<p>A m\u00f3dszer az\u00e9rt is k\u00fcl\u00f6n\u00f6sen \u00e9rdekes, mert olyan emberek jelenl\u00e9t\u00e9t is kimutatja, akik egy napra \u00e9rkeztek a rendezv\u00e9nyekre, de nem&#8230; <span class=\"gridview-grid-post-read-more\"><a href=\"https:\/\/hirekegyhelyen.live\/napihirek\/itt-voltak-tobben-marcius-15-en\/\">read more<span class=\"gridview-sr-only\"> Itt voltak t\u00f6bben M\u00e1rcius 15-\u00e9n!<\/span><\/a><\/span><\/p>\n","protected":false},"author":1,"featured_media":5032,"comment_status":"open","ping_status":"open","sticky":false,"template":"","format":"standard","meta":{"footnotes":""},"categories":[1],"tags":[],"class_list":["post-5031","post","type-post","status-publish","format-standard","has-post-thumbnail","hentry","category-egyeb","wpcat-1-id"],"_links":{"self":[{"href":"https:\/\/hirekegyhelyen.live\/napihirek\/wp-json\/wp\/v2\/posts\/5031","targetHints":{"allow":["GET"]}}],"collection":[{"href":"https:\/\/hirekegyhelyen.live\/napihirek\/wp-json\/wp\/v2\/posts"}],"about":[{"href":"https:\/\/hirekegyhelyen.live\/napihirek\/wp-json\/wp\/v2\/types\/post"}],"author":[{"embeddable":true,"href":"https:\/\/hirekegyhelyen.live\/napihirek\/wp-json\/wp\/v2\/users\/1"}],"replies":[{"embeddable":true,"href":"https:\/\/hirekegyhelyen.live\/napihirek\/wp-json\/wp\/v2\/comments?post=5031"}],"version-history":[{"count":1,"href":"https:\/\/hirekegyhelyen.live\/napihirek\/wp-json\/wp\/v2\/posts\/5031\/revisions"}],"predecessor-version":[{"id":5033,"href":"https:\/\/hirekegyhelyen.live\/napihirek\/wp-json\/wp\/v2\/posts\/5031\/revisions\/5033"}],"wp:featuredmedia":[{"embeddable":true,"href":"https:\/\/hirekegyhelyen.live\/napihirek\/wp-json\/wp\/v2\/media\/5032"}],"wp:attachment":[{"href":"https:\/\/hirekegyhelyen.live\/napihirek\/wp-json\/wp\/v2\/media?parent=5031"}],"wp:term":[{"taxonomy":"category","embeddable":true,"href":"https:\/\/hirekegyhelyen.live\/napihirek\/wp-json\/wp\/v2\/categories?post=5031"},{"taxonomy":"post_tag","embeddable":true,"href":"https:\/\/hirekegyhelyen.live\/napihirek\/wp-json\/wp\/v2\/tags?post=5031"}],"curies":[{"name":"wp","href":"https:\/\/api.w.org\/{rel}","templated":true}]}}