{"id":5052,"date":"2026-03-17T17:35:43","date_gmt":"2026-03-17T16:35:43","guid":{"rendered":"https:\/\/hirekegyhelyen.live\/napihirek\/?p=5052"},"modified":"2026-03-17T17:35:43","modified_gmt":"2026-03-17T16:35:43","slug":"itt-a-nagy-felmeres-kozelednek-a-valasztasok","status":"publish","type":"post","link":"https:\/\/hirekegyhelyen.live\/napihirek\/itt-a-nagy-felmeres-kozelednek-a-valasztasok\/","title":{"rendered":"Itt a nagy felm\u00e9r\u00e9s! K\u00f6zelednek a v\u00e1laszt\u00e1sok"},"content":{"rendered":"<h3>A v\u00e1laszt\u00f3k d\u00f6nt\u00e9s\u00e9t sz\u00e1mos t\u00e9nyez\u0151 befoly\u00e1solhatja: gazdas\u00e1gi helyzet, meg\u00e9lhet\u00e9si k\u00e9rd\u00e9sek, eg\u00e9szs\u00e9g\u00fcgy \u00e9s oktat\u00e1s \u00e1llapota, valamint az orsz\u00e1g j\u00f6v\u0151beli ir\u00e1nya az Eur\u00f3pai Uni\u00f3n bel\u00fcl. Emellett egyre nagyobb szerepet kapnak az \u00e9rze\/mi szempontok is, p\u00e9ld\u00e1ul a biztons\u00e1g, a nemzeti szuverenit\u00e1s vagy \u00e9ppen a v\u00e1ltoz\u00e1s ir\u00e1nti ig\u00e9ny. SZAVAZ\u00c1S A K\u00d6VETKEZ\u0150 OLDALON!<\/h3>\n<h3><span style=\"color: #ff0000;\"><strong>A h\u00edr nem \u00e9rt v\u00e9get! Folytat\u00e1shoz haszn\u00e1ld a K\u00d6VETKEZ\u0150 OLDAL gombot!<\/strong><\/span><\/h3>\n<h3 style=\"text-align: right;\"><a href=\"https:\/\/hirekegyhelyen.live\/24infok\/?p=5054\" target=\"_blank\" rel=\"noopener\"><span style=\"color: #ff0000;\">&#8212;&gt;&gt; K\u00d6VETKEZ\u0150 OLDAL<\/span><\/a><\/h3>\n<p>&#8211;<\/p>\n<p>A hosszabb utaz\u00e1soknak sem kell k\u00fcl\u00f6n\u00f6sebben megterhel\u0151nek lenni\u00fck, mivel az MG4 maxim\u00e1lis t\u00f6lt\u00e9si teljes\u00edtm\u00e9nye el\u00e9ri a 154 kW-ot. Ennek k\u00f6sz\u00f6nhet\u0151en, ha az aut\u00f3t egy aut\u00f3p\u00e1lya melletti ultragyors t\u00f6lt\u0151h\u00f6z csatlakoztatjuk, akkor a t\u00f6lt\u00f6tts\u00e9gi szint 10 sz\u00e1zal\u00e9kr\u00f3l 80 sz\u00e1zal\u00e9kra ak\u00e1r mind\u00f6ssze 25 perc alatt is felt\u00f6lthet\u0151 a Long Range v\u00e1ltozat eset\u00e9ben. M\u00e9g a nagyobb akkumul\u00e1torral szerelt Extended Range verzi\u00f3 sem sokkal lassabb, hiszen annak k\u00f6zel teljes felt\u00f6lt\u00e9se k\u00f6r\u00fclbel\u00fcl 40 percet vesz ig\u00e9nybe.<\/p>\n<p>Ha valaki el\u0151sz\u00f6r v\u00e1lt teljesen elektromos aut\u00f3ra, \u00e9s rendelkezik saj\u00e1t parkol\u00f3hellyel vagy gar\u00e1zzsal, akkor \u00e9rdemes beruh\u00e1zni egy otthoni fali t\u00f6lt\u0151re, \u00fagynevezett wallboxra, hogy az aut\u00f3t \u00e9jszaka k\u00e9nyelmesen lehessen t\u00f6lteni. Egy szabv\u00e1nyos, 7,4 kW teljes\u00edtm\u00e9ny\u0171 otthoni wallbox seg\u00edts\u00e9g\u00e9vel a 64 kWh kapacit\u00e1s\u00fa akkumul\u00e1tor teljes felt\u00f6lt\u00e9se az MG4 Long Range eset\u00e9ben k\u00f6r\u00fclbel\u00fcl 11 \u00f3r\u00e1t vesz ig\u00e9nybe, m\u00edg a 77 kWh-s akkumul\u00e1torral rendelkez\u0151 Extended Range v\u00e1ltozatn\u00e1l ez az id\u0151 nagyj\u00e1b\u00f3l 13 \u00f3r\u00e1ra tehet\u0151.<\/p>\n<p>A friss\u00edtett MG4 modellcsal\u00e1d biztos\u00edt\u00e1si besorol\u00e1sait m\u00e9g nem er\u0151s\u00edtett\u00e9k meg hivatalosan, de v\u00e1rhat\u00f3an nem t\u00e9rnek el jelent\u0151sen a kor\u00e1bbi \u00e9rt\u00e9kekt\u0151l. Ennek alapj\u00e1n a Premium Long Range v\u00e1ltozat val\u00f3sz\u00edn\u0171leg a 28-as vagy 29-es kateg\u00f3ri\u00e1ba ker\u00fcl az 50-b\u0151l, m\u00edg a nagyobb teljes\u00edtm\u00e9ny\u0171 \u00e9s dr\u00e1g\u00e1bb Premium Extended Range modell eset\u00e9ben a 33-as besorol\u00e1s t\u0171nik re\u00e1lisnak. V\u00e9g\u00fcl a nagy teljes\u00edtm\u00e9ny\u0171 XPower v\u00e1ltozat ism\u00e9t k\u00f6r\u00fclbel\u00fcl a 40-es csoportba sorolhat\u00f3.<\/p>\n","protected":false},"excerpt":{"rendered":"<p>A v\u00e1laszt\u00f3k d\u00f6nt\u00e9s\u00e9t sz\u00e1mos t\u00e9nyez\u0151 befoly\u00e1solhatja: gazdas\u00e1gi helyzet, meg\u00e9lhet\u00e9si k\u00e9rd\u00e9sek, eg\u00e9szs\u00e9g\u00fcgy \u00e9s oktat\u00e1s \u00e1llapota, valamint az orsz\u00e1g j\u00f6v\u0151beli ir\u00e1nya az&#8230; <span class=\"gridview-grid-post-read-more\"><a href=\"https:\/\/hirekegyhelyen.live\/napihirek\/itt-a-nagy-felmeres-kozelednek-a-valasztasok\/\">read more<span class=\"gridview-sr-only\"> Itt a nagy felm\u00e9r\u00e9s! K\u00f6zelednek a v\u00e1laszt\u00e1sok<\/span><\/a><\/span><\/p>\n","protected":false},"author":1,"featured_media":5053,"comment_status":"open","ping_status":"open","sticky":false,"template":"","format":"standard","meta":{"footnotes":""},"categories":[1],"tags":[],"class_list":["post-5052","post","type-post","status-publish","format-standard","has-post-thumbnail","hentry","category-egyeb","wpcat-1-id"],"_links":{"self":[{"href":"https:\/\/hirekegyhelyen.live\/napihirek\/wp-json\/wp\/v2\/posts\/5052","targetHints":{"allow":["GET"]}}],"collection":[{"href":"https:\/\/hirekegyhelyen.live\/napihirek\/wp-json\/wp\/v2\/posts"}],"about":[{"href":"https:\/\/hirekegyhelyen.live\/napihirek\/wp-json\/wp\/v2\/types\/post"}],"author":[{"embeddable":true,"href":"https:\/\/hirekegyhelyen.live\/napihirek\/wp-json\/wp\/v2\/users\/1"}],"replies":[{"embeddable":true,"href":"https:\/\/hirekegyhelyen.live\/napihirek\/wp-json\/wp\/v2\/comments?post=5052"}],"version-history":[{"count":1,"href":"https:\/\/hirekegyhelyen.live\/napihirek\/wp-json\/wp\/v2\/posts\/5052\/revisions"}],"predecessor-version":[{"id":5054,"href":"https:\/\/hirekegyhelyen.live\/napihirek\/wp-json\/wp\/v2\/posts\/5052\/revisions\/5054"}],"wp:featuredmedia":[{"embeddable":true,"href":"https:\/\/hirekegyhelyen.live\/napihirek\/wp-json\/wp\/v2\/media\/5053"}],"wp:attachment":[{"href":"https:\/\/hirekegyhelyen.live\/napihirek\/wp-json\/wp\/v2\/media?parent=5052"}],"wp:term":[{"taxonomy":"category","embeddable":true,"href":"https:\/\/hirekegyhelyen.live\/napihirek\/wp-json\/wp\/v2\/categories?post=5052"},{"taxonomy":"post_tag","embeddable":true,"href":"https:\/\/hirekegyhelyen.live\/napihirek\/wp-json\/wp\/v2\/tags?post=5052"}],"curies":[{"name":"wp","href":"https:\/\/api.w.org\/{rel}","templated":true}]}}