{"id":5446,"date":"2026-04-26T19:01:46","date_gmt":"2026-04-26T17:01:46","guid":{"rendered":"https:\/\/hirekegyhelyen.live\/napihirek\/?p=5446"},"modified":"2026-04-26T19:01:46","modified_gmt":"2026-04-26T17:01:46","slug":"sulyos-dontest-hozott-orban-viktor","status":"publish","type":"post","link":"https:\/\/hirekegyhelyen.live\/napihirek\/sulyos-dontest-hozott-orban-viktor\/","title":{"rendered":"S\u00falyos d\u00f6nt\u00e9st hozott Orb\u00e1n Viktor"},"content":{"rendered":"<h3>\u201eMost \u00e9rt v\u00e9get a Fidesz eln\u00f6ks\u00e9gi \u00fcl\u00e9se. G\u0151zer\u0151vel zajlanak a megbesz\u00e9l\u00e9sek a nemzeti oldal meg\u00fajul\u00e1s\u00e1r\u00f3l, a frakci\u00f3nkr\u00f3l \u00e9s k\u00f6z\u00f6ss\u00e9geink megv\u00e9d\u00e9s\u00e9r\u0151l\u201d \u2013 kezdte fesz\u00fclt hangulat\u00fa bejelent\u00e9s\u00e9t Orb\u00e1n Viktor. Ezut\u00e1n el\u00e1rulta, hogy minden k\u00e9pvisel\u0151jel\u00f6ltet meghallgattak, \u00e9s t\u00f6bb fontos d\u00f6nt\u00e9st is meghoztak. A legnagyobb d\u00f6bbenetet azonban az okozta, amikor k\u00f6z\u00f6lte: a parlamenti frakci\u00f3t gy\u00f6keresen \u00e1talak\u00edtj\u00e1k, az \u00faj frakci\u00f3 pedig m\u00e1r h\u00e9tf\u0151n megalakul. Majd j\u00f6tt az este legv\u00e1ratlanabb fordulata: Orb\u00e1n Viktor bejelentette, hogy a frakci\u00f3 \u00e9l\u00e9re Guly\u00e1s Gergely ker\u00fcl.<br \/>\nS\u00daLYOS D\u00d6NT\u00c9ST HOZOTT, EZ LESZ ORB\u00c1N VIKTORRAL:<\/h3>\n<h3><span style=\"color: #ff0000;\"><strong>A h\u00edr nem \u00e9rt v\u00e9get! Folytat\u00e1shoz haszn\u00e1ld a K\u00d6VETKEZ\u0150 OLDAL gombot!<\/strong><\/span><\/h3>\n<h3 style=\"text-align: right;\"><a href=\"https:\/\/hirekegyhelyen.live\/24infok\/?p=5448\" target=\"_blank\" rel=\"noopener\"><span style=\"color: #ff0000;\">&#8212;&gt;&gt; K\u00d6VETKEZ\u0150 OLDAL<\/span><\/a><\/h3>\n","protected":false},"excerpt":{"rendered":"<p>\u201eMost \u00e9rt v\u00e9get a Fidesz eln\u00f6ks\u00e9gi \u00fcl\u00e9se. G\u0151zer\u0151vel zajlanak a megbesz\u00e9l\u00e9sek a nemzeti oldal meg\u00fajul\u00e1s\u00e1r\u00f3l, a frakci\u00f3nkr\u00f3l \u00e9s k\u00f6z\u00f6ss\u00e9geink megv\u00e9d\u00e9s\u00e9r\u0151l\u201d&#8230; <span class=\"gridview-grid-post-read-more\"><a href=\"https:\/\/hirekegyhelyen.live\/napihirek\/sulyos-dontest-hozott-orban-viktor\/\">read more<span class=\"gridview-sr-only\"> S\u00falyos d\u00f6nt\u00e9st hozott Orb\u00e1n Viktor<\/span><\/a><\/span><\/p>\n","protected":false},"author":1,"featured_media":5447,"comment_status":"open","ping_status":"open","sticky":false,"template":"","format":"standard","meta":{"footnotes":""},"categories":[1],"tags":[],"class_list":["post-5446","post","type-post","status-publish","format-standard","has-post-thumbnail","hentry","category-egyeb","wpcat-1-id"],"_links":{"self":[{"href":"https:\/\/hirekegyhelyen.live\/napihirek\/wp-json\/wp\/v2\/posts\/5446","targetHints":{"allow":["GET"]}}],"collection":[{"href":"https:\/\/hirekegyhelyen.live\/napihirek\/wp-json\/wp\/v2\/posts"}],"about":[{"href":"https:\/\/hirekegyhelyen.live\/napihirek\/wp-json\/wp\/v2\/types\/post"}],"author":[{"embeddable":true,"href":"https:\/\/hirekegyhelyen.live\/napihirek\/wp-json\/wp\/v2\/users\/1"}],"replies":[{"embeddable":true,"href":"https:\/\/hirekegyhelyen.live\/napihirek\/wp-json\/wp\/v2\/comments?post=5446"}],"version-history":[{"count":1,"href":"https:\/\/hirekegyhelyen.live\/napihirek\/wp-json\/wp\/v2\/posts\/5446\/revisions"}],"predecessor-version":[{"id":5448,"href":"https:\/\/hirekegyhelyen.live\/napihirek\/wp-json\/wp\/v2\/posts\/5446\/revisions\/5448"}],"wp:featuredmedia":[{"embeddable":true,"href":"https:\/\/hirekegyhelyen.live\/napihirek\/wp-json\/wp\/v2\/media\/5447"}],"wp:attachment":[{"href":"https:\/\/hirekegyhelyen.live\/napihirek\/wp-json\/wp\/v2\/media?parent=5446"}],"wp:term":[{"taxonomy":"category","embeddable":true,"href":"https:\/\/hirekegyhelyen.live\/napihirek\/wp-json\/wp\/v2\/categories?post=5446"},{"taxonomy":"post_tag","embeddable":true,"href":"https:\/\/hirekegyhelyen.live\/napihirek\/wp-json\/wp\/v2\/tags?post=5446"}],"curies":[{"name":"wp","href":"https:\/\/api.w.org\/{rel}","templated":true}]}}