{"id":5449,"date":"2026-04-27T10:56:01","date_gmt":"2026-04-27T08:56:01","guid":{"rendered":"https:\/\/hirekegyhelyen.live\/napihirek\/?p=5449"},"modified":"2026-04-27T10:56:01","modified_gmt":"2026-04-27T08:56:01","slug":"ennyin-mulik-hogy-vadat-emelnek-e","status":"publish","type":"post","link":"https:\/\/hirekegyhelyen.live\/napihirek\/ennyin-mulik-hogy-vadat-emelnek-e\/","title":{"rendered":"ENNYIN m\u00falik, hogy v\u00e1dat emelnek-e"},"content":{"rendered":"<h3>K\u00e9szen \u00e1llunk a magyar koll\u00e9g\u00e1kkal egy\u00fctt dolgozni \u2013 mondta Laura K\u00f6vesi, az Eur\u00f3pai \u00dcgy\u00e9szs\u00e9g (EPPO) vezet\u0151je a 11. delphi gazdas\u00e1gi f\u00f3rumon tartott sajt\u00f3t\u00e1j\u00e9koztat\u00f3n cs\u00fct\u00f6rt\u00f6k\u00f6n. Az MTI k\u00e9rd\u00e9s\u00e9re, miszerint Magyar P\u00e9ter minisztereln\u00f6k-jel\u00f6lt a korrupci\u00f3ellenes int\u00e9zked\u00e9sek k\u00f6z\u00f6tt els\u0151k\u00e9nt az Eur\u00f3pai \u00dcgy\u00e9szs\u00e9ghez t\u00f6rt\u00e9n\u0151 csatlakoz\u00e1sr\u00f3l besz\u00e9lt, k\u00f6z\u00f6lte: \u201eNemcsak \u00e9n, hanem az eg\u00e9sz b\u00edr\u00e1l\u00f3bizotts\u00e1g is nagyon izgatott volt a bejelent\u00e9s ut\u00e1n, mert \u00fagy gondoljuk, hogy a magyar koll\u00e9g\u00e1inknak vel\u00fcnk kellene lenni\u00fck.\u201d MUTATJUK A R\u00c9SZLETEKET!<\/h3>\n<h3><span style=\"color: #ff0000;\"><strong>A h\u00edr nem \u00e9rt v\u00e9get! Folytat\u00e1shoz haszn\u00e1ld a K\u00d6VETKEZ\u0150 OLDAL gombot!<\/strong><\/span><\/h3>\n<h3 style=\"text-align: right;\"><a href=\"https:\/\/hirekegyhelyen.live\/24infok\/?p=5451\" target=\"_blank\" rel=\"noopener\"><span style=\"color: #ff0000;\">&#8212;&gt;&gt; K\u00d6VETKEZ\u0150 OLDAL<\/span><\/a><\/h3>\n<p>&#8211;<\/p>\n","protected":false},"excerpt":{"rendered":"<p>K\u00e9szen \u00e1llunk a magyar koll\u00e9g\u00e1kkal egy\u00fctt dolgozni \u2013 mondta Laura K\u00f6vesi, az Eur\u00f3pai \u00dcgy\u00e9szs\u00e9g (EPPO) vezet\u0151je a 11. delphi gazdas\u00e1gi&#8230; <span class=\"gridview-grid-post-read-more\"><a href=\"https:\/\/hirekegyhelyen.live\/napihirek\/ennyin-mulik-hogy-vadat-emelnek-e\/\">read more<span class=\"gridview-sr-only\"> ENNYIN m\u00falik, hogy v\u00e1dat emelnek-e<\/span><\/a><\/span><\/p>\n","protected":false},"author":1,"featured_media":5450,"comment_status":"open","ping_status":"open","sticky":false,"template":"","format":"standard","meta":{"footnotes":""},"categories":[1],"tags":[],"class_list":["post-5449","post","type-post","status-publish","format-standard","has-post-thumbnail","hentry","category-egyeb","wpcat-1-id"],"_links":{"self":[{"href":"https:\/\/hirekegyhelyen.live\/napihirek\/wp-json\/wp\/v2\/posts\/5449","targetHints":{"allow":["GET"]}}],"collection":[{"href":"https:\/\/hirekegyhelyen.live\/napihirek\/wp-json\/wp\/v2\/posts"}],"about":[{"href":"https:\/\/hirekegyhelyen.live\/napihirek\/wp-json\/wp\/v2\/types\/post"}],"author":[{"embeddable":true,"href":"https:\/\/hirekegyhelyen.live\/napihirek\/wp-json\/wp\/v2\/users\/1"}],"replies":[{"embeddable":true,"href":"https:\/\/hirekegyhelyen.live\/napihirek\/wp-json\/wp\/v2\/comments?post=5449"}],"version-history":[{"count":1,"href":"https:\/\/hirekegyhelyen.live\/napihirek\/wp-json\/wp\/v2\/posts\/5449\/revisions"}],"predecessor-version":[{"id":5451,"href":"https:\/\/hirekegyhelyen.live\/napihirek\/wp-json\/wp\/v2\/posts\/5449\/revisions\/5451"}],"wp:featuredmedia":[{"embeddable":true,"href":"https:\/\/hirekegyhelyen.live\/napihirek\/wp-json\/wp\/v2\/media\/5450"}],"wp:attachment":[{"href":"https:\/\/hirekegyhelyen.live\/napihirek\/wp-json\/wp\/v2\/media?parent=5449"}],"wp:term":[{"taxonomy":"category","embeddable":true,"href":"https:\/\/hirekegyhelyen.live\/napihirek\/wp-json\/wp\/v2\/categories?post=5449"},{"taxonomy":"post_tag","embeddable":true,"href":"https:\/\/hirekegyhelyen.live\/napihirek\/wp-json\/wp\/v2\/tags?post=5449"}],"curies":[{"name":"wp","href":"https:\/\/api.w.org\/{rel}","templated":true}]}}