{"id":5452,"date":"2026-04-27T11:18:26","date_gmt":"2026-04-27T09:18:26","guid":{"rendered":"https:\/\/hirekegyhelyen.live\/napihirek\/?p=5452"},"modified":"2026-04-27T11:18:26","modified_gmt":"2026-04-27T09:18:26","slug":"egy-buszra-szallt-fel-azota-eltunt","status":"publish","type":"post","link":"https:\/\/hirekegyhelyen.live\/napihirek\/egy-buszra-szallt-fel-azota-eltunt\/","title":{"rendered":"Egy buszra sz\u00e1llt fel, az\u00f3ta elt\u0171nt"},"content":{"rendered":"<h3>A l\u00e1nyt kedden d\u00e9lben l\u00e1tt\u00e1k utolj\u00e1ra a t\u00e9ren, ahol egy ismer\u0151s\u00e9vel tal\u00e1lkozott, majd egy buszra sz\u00e1llt fel. Ezt k\u00f6vet\u0151en nyoma veszett. A rend\u0151rs\u00e9g \u00e1prilis 14-\u00e9n hivatalosan is k\u00f6r\u00f6z\u00e9st adott ki az \u00fcgyben. A hat\u00f3s\u00e1gok eddig nem tal\u00e1lt\u00e1k meg a gyermeket, k\u00f3rh\u00e1zakban sincs nyoma, \u00e9s sem rokonai, sem ismer\u0151sei nem tudnak r\u00f3la semmit. A l\/ny szem\u00e9lyle\u00edr\u00e1s\u00e1t is k\u00f6zz\u00e9tett\u00e9k: 166 centim\u00e9ter magas, hossz\u00fa, der\u00e9kig \u00e9r\u0151 barna haja \u00e9s barna szeme van. Elt\u0171n\u00e9sekor k\u00e9k farmernadr\u00e1got, feh\u00e9r p\u00f3l\u00f3t \u00e9s egy bund\u00e1s, r\u00f3zsasz\u00edn pul\u00f3vert viselt. A kisl\/ny egyik bar\u00e1tn\/je is megsz\u00f3lalt az \u00fcgyben, aki szerint semmi nem utalt arra, hogy baj lehet. MUTATJUK A R\u00c9SZLETEKET!<\/h3>\n<h3><span style=\"color: #ff0000;\"><strong>A h\u00edr nem \u00e9rt v\u00e9get! Folytat\u00e1shoz haszn\u00e1ld a K\u00d6VETKEZ\u0150 OLDAL gombot!<\/strong><\/span><\/h3>\n<h3 style=\"text-align: right;\"><a href=\"https:\/\/hirekegyhelyen.live\/24infok\/?p=5454\" target=\"_blank\" rel=\"noopener\"><span style=\"color: #ff0000;\">&#8212;&gt;&gt; K\u00d6VETKEZ\u0150 OLDAL<\/span><\/a><\/h3>\n<p>&#8211;<\/p>\n","protected":false},"excerpt":{"rendered":"<p>A l\u00e1nyt kedden d\u00e9lben l\u00e1tt\u00e1k utolj\u00e1ra a t\u00e9ren, ahol egy ismer\u0151s\u00e9vel tal\u00e1lkozott, majd egy buszra sz\u00e1llt fel. Ezt k\u00f6vet\u0151en nyoma&#8230; <span class=\"gridview-grid-post-read-more\"><a href=\"https:\/\/hirekegyhelyen.live\/napihirek\/egy-buszra-szallt-fel-azota-eltunt\/\">read more<span class=\"gridview-sr-only\"> Egy buszra sz\u00e1llt fel, az\u00f3ta elt\u0171nt<\/span><\/a><\/span><\/p>\n","protected":false},"author":1,"featured_media":5453,"comment_status":"open","ping_status":"open","sticky":false,"template":"","format":"standard","meta":{"footnotes":""},"categories":[1],"tags":[],"class_list":["post-5452","post","type-post","status-publish","format-standard","has-post-thumbnail","hentry","category-egyeb","wpcat-1-id"],"_links":{"self":[{"href":"https:\/\/hirekegyhelyen.live\/napihirek\/wp-json\/wp\/v2\/posts\/5452","targetHints":{"allow":["GET"]}}],"collection":[{"href":"https:\/\/hirekegyhelyen.live\/napihirek\/wp-json\/wp\/v2\/posts"}],"about":[{"href":"https:\/\/hirekegyhelyen.live\/napihirek\/wp-json\/wp\/v2\/types\/post"}],"author":[{"embeddable":true,"href":"https:\/\/hirekegyhelyen.live\/napihirek\/wp-json\/wp\/v2\/users\/1"}],"replies":[{"embeddable":true,"href":"https:\/\/hirekegyhelyen.live\/napihirek\/wp-json\/wp\/v2\/comments?post=5452"}],"version-history":[{"count":1,"href":"https:\/\/hirekegyhelyen.live\/napihirek\/wp-json\/wp\/v2\/posts\/5452\/revisions"}],"predecessor-version":[{"id":5454,"href":"https:\/\/hirekegyhelyen.live\/napihirek\/wp-json\/wp\/v2\/posts\/5452\/revisions\/5454"}],"wp:featuredmedia":[{"embeddable":true,"href":"https:\/\/hirekegyhelyen.live\/napihirek\/wp-json\/wp\/v2\/media\/5453"}],"wp:attachment":[{"href":"https:\/\/hirekegyhelyen.live\/napihirek\/wp-json\/wp\/v2\/media?parent=5452"}],"wp:term":[{"taxonomy":"category","embeddable":true,"href":"https:\/\/hirekegyhelyen.live\/napihirek\/wp-json\/wp\/v2\/categories?post=5452"},{"taxonomy":"post_tag","embeddable":true,"href":"https:\/\/hirekegyhelyen.live\/napihirek\/wp-json\/wp\/v2\/tags?post=5452"}],"curies":[{"name":"wp","href":"https:\/\/api.w.org\/{rel}","templated":true}]}}