{"id":5468,"date":"2026-04-28T16:26:53","date_gmt":"2026-04-28T14:26:53","guid":{"rendered":"https:\/\/hirekegyhelyen.live\/napihirek\/?p=5468"},"modified":"2026-04-28T16:42:10","modified_gmt":"2026-04-28T14:42:10","slug":"tonkrement-a-hazassaga-es-az-elete","status":"publish","type":"post","link":"https:\/\/hirekegyhelyen.live\/napihirek\/tonkrement-a-hazassaga-es-az-elete\/","title":{"rendered":"T\u00f6nkrement a h\u00e1zass\u00e1ga \u00e9s az \u00e9lete"},"content":{"rendered":"<h3>Sem meger\u0151s\u00edteni, sem c\u00e1folni nem szeretn\u00e9k semmit \u2013 hangzott a r\u00f6vid v\u00e1lasz Szentp\u00e9teri Eszter sz\u00e1j\u00e1b\u00f3l, akinek a k\u00f6zvetlen k\u00f6rnyezet\u00e9b\u0151l azonban annyit megtudtunk, a h\u00e1zasp\u00e1r egyel\u0151re k\u00fczd az\u00e9rt, hogy megments\u00e9k azt, amelyet h\u00fasz \u00e9v alatt fel\u00e9p\u00edtettek. \u2013 Val\u00f3ban nem j\u00f3 a helyzet, de pr\u00f3b\u00e1lnak dolgozni rajta. Ez sosem k\u00f6nny\u0171 \u00e1llapot, hiszen ha egy h\u00e1zass\u00e1g id\u00e1ig eljut, az az\u00e9rt t\u00f6rt\u00e9nik, mert vannak s\u00e9r\u00fcl\u00e9sek, de Eszter \u00e9s a f\u00e9rje pr\u00f3b\u00e1lnak megold\u00e1st tal\u00e1lni. Kapaszkodnak abba, amit egy\u00fctt fel\u00e9p\u00edtettek \u00e9s eddig el\u00e9rtek. Nem sz\u00fcletett semmilyen v\u00e9gleges d\u00f6nt\u00e9s, szerintem id\u0151re van sz\u00fcks\u00e9g\u00fck \u00e9s sok besz\u00e9lget\u00e9sre. Egyel\u0151re b\u00e1rmi megt\u00f6rt\u00e9nhet, az is, hogy megmentik a h\u00e1zass\u00e1gukat \u2013 \u00e1rulta el a T\u00e9nyek m\u0171sorvezet\u0151j\u00e9nek egy k\u00f6zeli ismer\u0151se. MUTATJUK HOGY MI VEZETETT A V\u00c9GZETES DOLOGHOZ!<\/h3>\n<h3><span style=\"color: #ff0000;\"><strong>A h\u00edr nem \u00e9rt v\u00e9get! Folytat\u00e1shoz haszn\u00e1ld a K\u00d6VETKEZ\u0150 OLDAL gombot!<\/strong><\/span><\/h3>\n<h3 style=\"text-align: right;\"><a href=\"https:\/\/hirekegyhelyen.live\/24infok\/?p=5470\" target=\"_blank\" rel=\"noopener\"><span style=\"color: #ff0000;\">&#8212;&gt;&gt; K\u00d6VETKEZ\u0150 OLDAL<\/span><\/a><\/h3>\n<p>&#8211;<\/p>\n<p>Ha a nagym\u00e9ret\u0171 koreai elektromos luxus-SUV koncepci\u00f3ja ismer\u0151snek t\u0171nik, az nem v\u00e9letlen: ezt a receptet m\u00e1r kor\u00e1bban is alkalmazt\u00e1k a Kia EV9 eset\u00e9ben. A k\u00e9t modell sz\u00e1mos m\u0171szaki alapot megoszt egym\u00e1ssal, hiszen mindkett\u0151 a E-GMP platform nev\u0171 elektromos architekt\u00far\u00e1ra \u00e9p\u00fcl, amelyet a Hyundai m\u00e1s Ioniq modelljeiben is haszn\u00e1lnak. Ez a platform lehet\u0151v\u00e9 teszi a nagy akkumul\u00e1torok be\u00e9p\u00edt\u00e9s\u00e9t, a s\u00edk padl\u00f3t \u00e9s a t\u00e1gas utasteret, ami k\u00fcl\u00f6n\u00f6sen fontos egy h\u00e1rom \u00fcl\u00e9ssoros SUV eset\u00e9ben.<\/p>\n<p>A diz\u00e1jn ter\u00e9n azonban a Hyundai saj\u00e1t ir\u00e1nyt v\u00e1lasztott. M\u00edg a Kia EV9 megjelen\u00e9se ink\u00e1bb sz\u00f6gletes, karakteres \u00e9s kiss\u00e9 robusztus, addig a Hyundai Ioniq 9 l\u00e1gyabb, \u00e1ramvonalasabb form\u00e1kat alkalmaz. Ez az \u00fagynevezett \u201eAerosthetic\u201d formanyelvnek k\u00f6sz\u00f6nhet\u0151, amely az aerodinamikai hat\u00e9konys\u00e1got \u00e9s az eszt\u00e9tik\u00e1t pr\u00f3b\u00e1lja \u00f6tv\u00f6zni. Az eredm\u00e9ny egy eleg\u00e1nsabb, kifinomultabb megjelen\u00e9s, amely kev\u00e9sb\u00e9 hivalkod\u00f3, ugyanakkor modern \u00e9s futurisztikus hat\u00e1st kelt.<\/p>\n<p>Hyundai Ioniq 9 egy ambici\u00f3zus modell, amely j\u00f3l mutatja, hogy a Hyundai mennyire komolyan veszi a pr\u00e9mium szegmens megh\u00f3d\u00edt\u00e1s\u00e1t. B\u00e1r nem minden r\u00e9szlet t\u00f6k\u00e9letes \u2013 k\u00fcl\u00f6n\u00f6sen a fut\u00f3m\u0171 hangol\u00e1sa a magasabb felszerelts\u00e9gi szinteken \u2013, az aut\u00f3 m\u00e9gis egy kiegyens\u00falyozott, j\u00f3l haszn\u00e1lhat\u00f3 \u00e9s technol\u00f3giailag fejlett csomagot k\u00edn\u00e1l, amely sok v\u00e1s\u00e1rl\u00f3 sz\u00e1m\u00e1ra vonz\u00f3 alternat\u00edv\u00e1t jelenthet a hagyom\u00e1nyos pr\u00e9mium m\u00e1rk\u00e1k modelljeivel szemben.<\/p>\n","protected":false},"excerpt":{"rendered":"<p>Sem meger\u0151s\u00edteni, sem c\u00e1folni nem szeretn\u00e9k semmit \u2013 hangzott a r\u00f6vid v\u00e1lasz Szentp\u00e9teri Eszter sz\u00e1j\u00e1b\u00f3l, akinek a k\u00f6zvetlen k\u00f6rnyezet\u00e9b\u0151l azonban&#8230; <span class=\"gridview-grid-post-read-more\"><a href=\"https:\/\/hirekegyhelyen.live\/napihirek\/tonkrement-a-hazassaga-es-az-elete\/\">read more<span class=\"gridview-sr-only\"> T\u00f6nkrement a h\u00e1zass\u00e1ga \u00e9s az \u00e9lete<\/span><\/a><\/span><\/p>\n","protected":false},"author":1,"featured_media":5469,"comment_status":"open","ping_status":"open","sticky":false,"template":"","format":"standard","meta":{"footnotes":""},"categories":[1],"tags":[],"class_list":["post-5468","post","type-post","status-publish","format-standard","has-post-thumbnail","hentry","category-egyeb","wpcat-1-id"],"_links":{"self":[{"href":"https:\/\/hirekegyhelyen.live\/napihirek\/wp-json\/wp\/v2\/posts\/5468","targetHints":{"allow":["GET"]}}],"collection":[{"href":"https:\/\/hirekegyhelyen.live\/napihirek\/wp-json\/wp\/v2\/posts"}],"about":[{"href":"https:\/\/hirekegyhelyen.live\/napihirek\/wp-json\/wp\/v2\/types\/post"}],"author":[{"embeddable":true,"href":"https:\/\/hirekegyhelyen.live\/napihirek\/wp-json\/wp\/v2\/users\/1"}],"replies":[{"embeddable":true,"href":"https:\/\/hirekegyhelyen.live\/napihirek\/wp-json\/wp\/v2\/comments?post=5468"}],"version-history":[{"count":2,"href":"https:\/\/hirekegyhelyen.live\/napihirek\/wp-json\/wp\/v2\/posts\/5468\/revisions"}],"predecessor-version":[{"id":5473,"href":"https:\/\/hirekegyhelyen.live\/napihirek\/wp-json\/wp\/v2\/posts\/5468\/revisions\/5473"}],"wp:featuredmedia":[{"embeddable":true,"href":"https:\/\/hirekegyhelyen.live\/napihirek\/wp-json\/wp\/v2\/media\/5469"}],"wp:attachment":[{"href":"https:\/\/hirekegyhelyen.live\/napihirek\/wp-json\/wp\/v2\/media?parent=5468"}],"wp:term":[{"taxonomy":"category","embeddable":true,"href":"https:\/\/hirekegyhelyen.live\/napihirek\/wp-json\/wp\/v2\/categories?post=5468"},{"taxonomy":"post_tag","embeddable":true,"href":"https:\/\/hirekegyhelyen.live\/napihirek\/wp-json\/wp\/v2\/tags?post=5468"}],"curies":[{"name":"wp","href":"https:\/\/api.w.org\/{rel}","templated":true}]}}