{"id":5470,"date":"2026-04-28T16:44:59","date_gmt":"2026-04-28T14:44:59","guid":{"rendered":"https:\/\/hirekegyhelyen.live\/napihirek\/?p=5470"},"modified":"2026-04-28T16:44:59","modified_gmt":"2026-04-28T14:44:59","slug":"ezentul-ennyibol-fog-elni-orban-viktor","status":"publish","type":"post","link":"https:\/\/hirekegyhelyen.live\/napihirek\/ezentul-ennyibol-fog-elni-orban-viktor\/","title":{"rendered":"Ezent\u00fal ennyib\u0151l fog \u00e9lni Orb\u00e1n Viktor"},"content":{"rendered":"<h3>A hat\u00e1lyos t\u00f6rv\u00e9nyek alapj\u00e1n tekint\u00e9lyes \u00f6sszeggel t\u00e1vozhat a hatalomb\u00f3l. K\u00e9pvisel\u0151k\u00e9nt h\u00e1romhavi, minisztereln\u00f6kk\u00e9nt pedig hathavi v\u00e9gkiel\u00e9g\u00edt\u00e9s j\u00e1r neki, vagyis \u00f6sszesen elk\u00e9peszt\u0151 p\u00e9nz landolhat n\u00e1la. R\u00e1ad\u00e1sul a luxus itt m\u00e9g nem \u00e9r v\u00e9get. A jelenlegi szab\u00e1lyoz\u00e1s szerint volt minisztereln\u00f6kk\u00e9nt tov\u00e1bbi extra \u00e1llami juttat\u00e1sok illetik meg. Nemcsak a p\u00e9nz marad, hanem a k\u00e9nyelmi h\u00e1tt\u00e9r is hossz\u00fa \u00e9vekre biztos\u00edtott lehet sz\u00e1m\u00e1ra.<br \/>\nItt a d\u00f6bbenetes \u00f6sszeg: ennyi p\u00e9nzzel indulhat \u00faj \u00e9letet! MUTATJUK!<\/h3>\n<h3><span style=\"color: #ff0000;\"><strong>A h\u00edr nem \u00e9rt v\u00e9get! Folytat\u00e1shoz haszn\u00e1ld a K\u00d6VETKEZ\u0150 OLDAL gombot!<\/strong><\/span><\/h3>\n<h3 style=\"text-align: right;\"><a href=\"https:\/\/hirekegyhelyen.live\/24infok\/?p=5472\" target=\"_blank\" rel=\"noopener\"><span style=\"color: #ff0000;\">&#8212;&gt;&gt; K\u00d6VETKEZ\u0150 OLDAL<\/span><\/a><\/h3>\n<p>A bels\u0151 t\u00e9r els\u0151 r\u00e1n\u00e9z\u00e9sre kifejezetten pr\u00e9mium hat\u00e1st kelt, modern diz\u00e1jnnal \u00e9s k\u00e9t nagym\u00e9ret\u0171 kijelz\u0151vel. K\u00f6zelebbr\u0151l azonban az anyagmin\u0151s\u00e9g \u00e9s az \u00f6sszeszerel\u00e9s m\u00e1r kev\u00e9sb\u00e9 meggy\u0151z\u0151, \u00e9s az infotainment rendszer kezel\u00e9se sem t\u00fal intuit\u00edv. T\u00f6bb funkci\u00f3 men\u00fckbe rejtve tal\u00e1lhat\u00f3, a kl\u00edmavez\u00e9rl\u00e9s \u00e9rint\u0151s kezel\u00e9se pedig nem mindig reag\u00e1l pontosan. Ennek ellen\u00e9re m\u00e1r az alapmodell is gazdagon felszerelt, t\u00f6bbek k\u00f6z\u00f6tt adapt\u00edv tempomattal, k\u00e9tz\u00f3n\u00e1s kl\u00edm\u00e1val \u00e9s k\u00fcl\u00f6nf\u00e9le vezet\u00e9st\u00e1mogat\u00f3 rendszerekkel.<\/p>\n<p>Helyk\u00edn\u00e1lat szempontj\u00e1b\u00f3l a Tiggo 4 az egyik legjobb a kateg\u00f3ri\u00e1j\u00e1ban. A dobozos forma miatt az utast\u00e9r t\u00e1gas, h\u00e1tul is k\u00e9nyelmesen elf\u00e9r k\u00e9t feln\u0151tt. A csomagt\u00e9r 430 literes, ami csal\u00e1di haszn\u00e1latra elegend\u0151, b\u00e1r a padl\u00f3 kialak\u00edt\u00e1sa nem teljesen praktikus egy kisebb k\u00fcsz\u00f6b miatt.<\/p>\n<p>A biztons\u00e1g ter\u00e9n j\u00f3l \u00e1ll az aut\u00f3, sok vezet\u00e9st\u00e1mogat\u00f3 rendszer alapfelszerelts\u00e9g, \u00e9s egy hasonl\u00f3 modell n\u00e9gycsillagos Euro NCAP min\u0151s\u00edt\u00e9st kapott. Ugyanakkor a hossz\u00fa t\u00e1v\u00fa megb\u00edzhat\u00f3s\u00e1gr\u00f3l m\u00e9g kev\u00e9s tapasztalat \u00e1ll rendelkez\u00e9sre, mivel a m\u00e1rka viszonylag \u00faj ezen a piacon.<\/p>\n<p>\u00d6sszess\u00e9g\u00e9ben a Chery Tiggo 4 legnagyobb er\u0151ss\u00e9ge az \u00e1ra: nagyon kedvez\u0151 bel\u00e9p\u0151t k\u00edn\u00e1l a kis SUV-k vil\u00e1g\u00e1ba, j\u00f3 felszerelts\u00e9ggel \u00e9s t\u00e1gas utast\u00e9rrel. Ugyanakkor a vezet\u00e9si \u00e9lm\u00e9ny, a finomhangol\u00e1s \u00e9s a min\u0151s\u00e9g ter\u00e9n kompromisszumokat kell k\u00f6tni, \u00edgy ink\u00e1bb azoknak ide\u00e1lis v\u00e1laszt\u00e1s, akik els\u0151sorban az \u00e1r-\u00e9rt\u00e9k ar\u00e1nyt tartj\u00e1k szem el\u0151tt.<\/p>\n","protected":false},"excerpt":{"rendered":"<p>A hat\u00e1lyos t\u00f6rv\u00e9nyek alapj\u00e1n tekint\u00e9lyes \u00f6sszeggel t\u00e1vozhat a hatalomb\u00f3l. K\u00e9pvisel\u0151k\u00e9nt h\u00e1romhavi, minisztereln\u00f6kk\u00e9nt pedig hathavi v\u00e9gkiel\u00e9g\u00edt\u00e9s j\u00e1r neki, vagyis \u00f6sszesen elk\u00e9peszt\u0151&#8230; <span class=\"gridview-grid-post-read-more\"><a href=\"https:\/\/hirekegyhelyen.live\/napihirek\/ezentul-ennyibol-fog-elni-orban-viktor\/\">read more<span class=\"gridview-sr-only\"> Ezent\u00fal ennyib\u0151l fog \u00e9lni Orb\u00e1n Viktor<\/span><\/a><\/span><\/p>\n","protected":false},"author":1,"featured_media":5472,"comment_status":"open","ping_status":"open","sticky":false,"template":"","format":"standard","meta":{"footnotes":""},"categories":[1],"tags":[],"class_list":["post-5470","post","type-post","status-publish","format-standard","has-post-thumbnail","hentry","category-egyeb","wpcat-1-id"],"_links":{"self":[{"href":"https:\/\/hirekegyhelyen.live\/napihirek\/wp-json\/wp\/v2\/posts\/5470","targetHints":{"allow":["GET"]}}],"collection":[{"href":"https:\/\/hirekegyhelyen.live\/napihirek\/wp-json\/wp\/v2\/posts"}],"about":[{"href":"https:\/\/hirekegyhelyen.live\/napihirek\/wp-json\/wp\/v2\/types\/post"}],"author":[{"embeddable":true,"href":"https:\/\/hirekegyhelyen.live\/napihirek\/wp-json\/wp\/v2\/users\/1"}],"replies":[{"embeddable":true,"href":"https:\/\/hirekegyhelyen.live\/napihirek\/wp-json\/wp\/v2\/comments?post=5470"}],"version-history":[{"count":1,"href":"https:\/\/hirekegyhelyen.live\/napihirek\/wp-json\/wp\/v2\/posts\/5470\/revisions"}],"predecessor-version":[{"id":5474,"href":"https:\/\/hirekegyhelyen.live\/napihirek\/wp-json\/wp\/v2\/posts\/5470\/revisions\/5474"}],"wp:featuredmedia":[{"embeddable":true,"href":"https:\/\/hirekegyhelyen.live\/napihirek\/wp-json\/wp\/v2\/media\/5472"}],"wp:attachment":[{"href":"https:\/\/hirekegyhelyen.live\/napihirek\/wp-json\/wp\/v2\/media?parent=5470"}],"wp:term":[{"taxonomy":"category","embeddable":true,"href":"https:\/\/hirekegyhelyen.live\/napihirek\/wp-json\/wp\/v2\/categories?post=5470"},{"taxonomy":"post_tag","embeddable":true,"href":"https:\/\/hirekegyhelyen.live\/napihirek\/wp-json\/wp\/v2\/tags?post=5470"}],"curies":[{"name":"wp","href":"https:\/\/api.w.org\/{rel}","templated":true}]}}