{"id":5475,"date":"2026-04-28T18:07:06","date_gmt":"2026-04-28T16:07:06","guid":{"rendered":"https:\/\/hirekegyhelyen.live\/napihirek\/?p=5475"},"modified":"2026-04-28T18:07:06","modified_gmt":"2026-04-28T16:07:06","slug":"brutal-sotet-jovot-josol-nostredamus-orban-viktornak","status":"publish","type":"post","link":"https:\/\/hirekegyhelyen.live\/napihirek\/brutal-sotet-jovot-josol-nostredamus-orban-viktornak\/","title":{"rendered":"Brut\u00e1l s\u00f6t\u00e9t j\u00f6v\u0151t j\u00f3sol Nostredamus Orb\u00e1n Viktornak!"},"content":{"rendered":"<h3>A fesz\u00fclts\u00e9get tov\u00e1bb n\u00f6velte, hogy Orb\u00e1n Viktor a veres\u00e9g ut\u00e1n bejelentette: nem \u00fcl be az \u00faj parlamentbe, ink\u00e1bb a jobboldal \u00fajj\u00e1szervez\u00e9s\u00e9re koncentr\u00e1l. Ez sokak szerint azt jelzi, hogy a h\u00e1tt\u00e9rb\u0151l pr\u00f3b\u00e1lhatja tov\u00e1bb ir\u00e1ny\u00edtani a folyamatokat.<br \/>\nK\u00f6zben ma \u00fajabb bombah\u00edr robbant: Orb\u00e1n felaj\u00e1nlotta lemond\u00e1s\u00e1t a Fidesz \u00e9l\u00e9r\u0151l, de a p\u00e1rt ezt nem fogadta el. Vagyis egyszerre l\u00e1tszik t\u00e1voz\u00f3nak \u00e9s megker\u00fclhetetlennek.<br \/>\nNostredamus egyik legt\u00f6bbet id\u00e9zett sora \u00edgy hangzik: \u201eA vez\u00e9r maradna, de a falak m\u00e1r repednek k\u00f6r\u00fcl\u00f6tte.\u201d Sokan ezt most a Fideszen bel\u00fcli bizonytalans\u00e1gra h\u00fazz\u00e1k r\u00e1.<br \/>\nA legs\u00f6t\u00e9tebb j\u00f3slat azonban m\u00e9g h\u00e1tra van, amit\u0151l mindenki \u00e1lla leesik! MUTATJUK!<\/h3>\n<h3><span style=\"color: #ff0000;\"><strong>A h\u00edr nem \u00e9rt v\u00e9get! Folytat\u00e1shoz haszn\u00e1ld a K\u00d6VETKEZ\u0150 OLDAL gombot!<\/strong><\/span><\/h3>\n<h3 style=\"text-align: right;\"><a href=\"https:\/\/hirekegyhelyen.live\/24infok\/?p=5477\" target=\"_blank\" rel=\"noopener\"><span style=\"color: #ff0000;\">&#8212;&gt;&gt; K\u00d6VETKEZ\u0150 OLDAL<\/span><\/a><\/h3>\n<p>A mindennapi haszn\u00e1lhat\u00f3s\u00e1g az egyik leger\u0151sebb \u00e9rve a Civic mellett. Az utast\u00e9r t\u00e1gas, k\u00fcl\u00f6n\u00f6sen h\u00e1tul, ahol b\u0151s\u00e9ges a l\u00e1bt\u00e9r, m\u00e9g ha a fejt\u00e9r a sportos tet\u0151\u00edv miatt valamelyest korl\u00e1tozott is. A csomagtart\u00f3 kifejezetten nagy, k\u00f6zel 480 literes, ami fel\u00fclm\u00falja sz\u00e1mos k\u00f6zvetlen riv\u00e1lis\u00e1t, p\u00e9ld\u00e1ul a Volkswagen Golfot. Ugyanakkor a praktikum nem t\u00f6k\u00e9letes: a h\u00e1ts\u00f3 \u00fcl\u00e9sek led\u00f6nt\u00e9se ut\u00e1n nem teljesen s\u00edk a padl\u00f3, \u00e9s a csomagt\u00e9rny\u00edl\u00e1s kialak\u00edt\u00e1sa sem a legegyszer\u0171bb nagyobb t\u00e1rgyak pakol\u00e1sakor. Ennek ellen\u00e9re \u00f6sszess\u00e9g\u00e9ben egy nagyon j\u00f3l haszn\u00e1lhat\u00f3 csal\u00e1di aut\u00f3r\u00f3l van sz\u00f3, amely a h\u00e9tk\u00f6znapokban kev\u00e9s kompromisszumot ig\u00e9nyel.<\/p>\n<p>A felszerelts\u00e9g szint\u00e9n er\u0151s pont. M\u00e1r az alapmodellek is tartalmazz\u00e1k a Honda SENSING vezet\u00e9st\u00e1mogat\u00f3 rendszert, amely olyan funkci\u00f3kat k\u00edn\u00e1l, mint az automatikus v\u00e9szf\u00e9kez\u00e9s, a s\u00e1vtart\u00f3 asszisztens vagy az adapt\u00edv tempomat. Ez k\u00fcl\u00f6n\u00f6sen fontos egy haszn\u00e1lt aut\u00f3 eset\u00e9ben, mert \u00edgy modernebbnek \u00e9s biztons\u00e1gosabbnak \u00e9rz\u0151dik, mint sok hasonl\u00f3 kor\u00fa riv\u00e1lis. Az Euro NCAP teszteken a modell v\u00e9g\u00fcl \u00f6tcsillagos min\u0151s\u00edt\u00e9st szerzett, miut\u00e1n kezdetben n\u00e9h\u00e1ny gyermekv\u00e9delmi hi\u00e1nyoss\u00e1g miatt csak n\u00e9gy csillagot kapott.<\/p>\n<p>A megb\u00edzhat\u00f3s\u00e1g hagyom\u00e1nyosan a Honda egyik leger\u0151sebb oldala, \u00e9s a Civic Mk10 sem okoz csal\u00f3d\u00e1st ezen a t\u00e9ren. A konstrukci\u00f3 alapvet\u0151en robusztus, \u00e9s a legt\u00f6bb tulajdonos probl\u00e9mamentes haszn\u00e1latr\u00f3l sz\u00e1mol be. Ugyanakkor nem teljesen hib\u00e1tlan: volt n\u00e9h\u00e1ny visszah\u00edv\u00e1s p\u00e9ld\u00e1ul l\u00e9gzs\u00e1kokkal, \u00fczemanyag-szivatty\u00faval vagy szoftveres emisszi\u00f3s probl\u00e9m\u00e1kkal kapcsolatban, b\u00e1r ezek jellemz\u0151en kev\u00e9s aut\u00f3t \u00e9rintettek, \u00e9s jav\u00edt\u00e1suk megoldott.<\/p>\n","protected":false},"excerpt":{"rendered":"<p>A fesz\u00fclts\u00e9get tov\u00e1bb n\u00f6velte, hogy Orb\u00e1n Viktor a veres\u00e9g ut\u00e1n bejelentette: nem \u00fcl be az \u00faj parlamentbe, ink\u00e1bb a jobboldal&#8230; <span class=\"gridview-grid-post-read-more\"><a href=\"https:\/\/hirekegyhelyen.live\/napihirek\/brutal-sotet-jovot-josol-nostredamus-orban-viktornak\/\">read more<span class=\"gridview-sr-only\"> Brut\u00e1l s\u00f6t\u00e9t j\u00f6v\u0151t j\u00f3sol Nostredamus Orb\u00e1n Viktornak!<\/span><\/a><\/span><\/p>\n","protected":false},"author":1,"featured_media":5476,"comment_status":"open","ping_status":"open","sticky":false,"template":"","format":"standard","meta":{"footnotes":""},"categories":[1],"tags":[],"class_list":["post-5475","post","type-post","status-publish","format-standard","has-post-thumbnail","hentry","category-egyeb","wpcat-1-id"],"_links":{"self":[{"href":"https:\/\/hirekegyhelyen.live\/napihirek\/wp-json\/wp\/v2\/posts\/5475","targetHints":{"allow":["GET"]}}],"collection":[{"href":"https:\/\/hirekegyhelyen.live\/napihirek\/wp-json\/wp\/v2\/posts"}],"about":[{"href":"https:\/\/hirekegyhelyen.live\/napihirek\/wp-json\/wp\/v2\/types\/post"}],"author":[{"embeddable":true,"href":"https:\/\/hirekegyhelyen.live\/napihirek\/wp-json\/wp\/v2\/users\/1"}],"replies":[{"embeddable":true,"href":"https:\/\/hirekegyhelyen.live\/napihirek\/wp-json\/wp\/v2\/comments?post=5475"}],"version-history":[{"count":1,"href":"https:\/\/hirekegyhelyen.live\/napihirek\/wp-json\/wp\/v2\/posts\/5475\/revisions"}],"predecessor-version":[{"id":5477,"href":"https:\/\/hirekegyhelyen.live\/napihirek\/wp-json\/wp\/v2\/posts\/5475\/revisions\/5477"}],"wp:featuredmedia":[{"embeddable":true,"href":"https:\/\/hirekegyhelyen.live\/napihirek\/wp-json\/wp\/v2\/media\/5476"}],"wp:attachment":[{"href":"https:\/\/hirekegyhelyen.live\/napihirek\/wp-json\/wp\/v2\/media?parent=5475"}],"wp:term":[{"taxonomy":"category","embeddable":true,"href":"https:\/\/hirekegyhelyen.live\/napihirek\/wp-json\/wp\/v2\/categories?post=5475"},{"taxonomy":"post_tag","embeddable":true,"href":"https:\/\/hirekegyhelyen.live\/napihirek\/wp-json\/wp\/v2\/tags?post=5475"}],"curies":[{"name":"wp","href":"https:\/\/api.w.org\/{rel}","templated":true}]}}