{"id":5482,"date":"2026-04-28T19:33:16","date_gmt":"2026-04-28T17:33:16","guid":{"rendered":"https:\/\/hirekegyhelyen.live\/napihirek\/?p=5482"},"modified":"2026-04-28T19:33:16","modified_gmt":"2026-04-28T17:33:16","slug":"pusztito-tanacsot-ad-rubint-reka-a-szakerto-szerint","status":"publish","type":"post","link":"https:\/\/hirekegyhelyen.live\/napihirek\/pusztito-tanacsot-ad-rubint-reka-a-szakerto-szerint\/","title":{"rendered":"Puszt\u00edt\u00f3 tan\u00e1csot ad Rubint R\u00e9ka a szak\u00e9rt\u0151 szerint!"},"content":{"rendered":"<p>\u00f3<\/p>\n<h3>A legkem\u00e9nyebben Szentesi \u00c9va \u00edr\u00f3 \u00e9s r\u00e1keduk\u00e1ci\u00f3s aktivista reag\u00e1lt, aki szerint Rubint R\u00e9ka szavai s\u00falyos f\u00e9lrevezet\u00e9st jelenthetnek. \u00c9va azt \u00edrta, 13 \u00e9v betegs\u00e9ggel kapcsolatos tapasztalata alatt egyetlen onkol\u00f3gust\u00f3l sem hallott hasonl\u00f3 tan\u00e1csot. S\u0151t, szerinte bizonyos kezel\u00e9sek mellett kifejezetten vesz\u00e9lyes lehet az eff\u00e9le sz\u00e9ls\u0151s\u00e9ges di\u00e9ta, \u00e9s ak\u00e1r \u00e9letvesz\u00e9lyes \u00e1llapotot is el\u0151id\u00e9zhet. Hangs\u00falyozta: az eg\u00e9szs\u00e9ges t\u00e1pl\u00e1lkoz\u00e1s val\u00f3ban fontos r\u00e9sze a gy\u00f3gyul\u00e1snak, de ez nem egyenl\u0151 a divatdi\u00e9t\u00e1kkal \u00e9s a tudom\u00e1nyosan megk\u00e9rd\u0151jelezhet\u0151 ir\u00e1nyzatokkal.<br \/>\nMAJD NAGYON KIOSZTOTTA R\u00c9K\u00c1T! NEM FOGTA VISSZA MAG\u00c1T! MUTATJUK!<\/h3>\n<h3><span style=\"color: #ff0000;\"><strong>A h\u00edr nem \u00e9rt v\u00e9get! Folytat\u00e1shoz haszn\u00e1ld a K\u00d6VETKEZ\u0150 OLDAL gombot!<\/strong><\/span><\/h3>\n<h3 style=\"text-align: right;\"><a href=\"https:\/\/hirekegyhelyen.live\/24infok\/?p=5484\" target=\"_blank\" rel=\"noopener\"><span style=\"color: #ff0000;\">&#8212;&gt;&gt; K\u00d6VETKEZ\u0150 OLDAL<\/span><\/a><\/h3>\n<p>A teljes\u00edtm\u00e9ny nem sportos, de v\u00e1rosi k\u00f6rnyezetben elegend\u0151. A bel\u00e9p\u0151 verzi\u00f3 k\u00f6r\u00fclbel\u00fcl 142 l\u00f3er\u0151t ad, ami nagyj\u00e1b\u00f3l 9,6 m\u00e1sodperces gyorsul\u00e1st jelent 0\u2013100 km\/h k\u00f6r\u00fcl, m\u00edg az er\u0151sebb, 172 l\u00f3er\u0151s v\u00e1ltozat valamivel gyorsabb, de tov\u00e1bbra sem nevezhet\u0151 dinamikusnak. Az elektromos hajt\u00e1s miatt a gyorsul\u00e1s line\u00e1ris \u00e9s kisz\u00e1m\u00edthat\u00f3, de az aut\u00f3 karaktere ink\u00e1bb nyugodt, mint \u00e9l\u00e9nk.<\/p>\n<p>Vezet\u00e9si \u00e9lm\u00e9ny szempontj\u00e1b\u00f3l a Urban Cruiser ink\u00e1bb a k\u00e9nyelmet \u00e9s az egyszer\u0171 kezelhet\u0151s\u00e9get helyezi el\u0151t\u00e9rbe. V\u00e1rosban k\u00f6nnyen man\u0151verezhet\u0151, a korm\u00e1nyz\u00e1sa k\u00f6nny\u0171, a kil\u00e1t\u00e1s j\u00f3, \u00edgy parkol\u00e1sn\u00e1l \u00e9s sz\u0171k utc\u00e1kban nem okoz gondot. Ugyanakkor a fut\u00f3m\u0171 hangol\u00e1sa \u00e9s az \u00e1ltal\u00e1nos karakter nem igaz\u00e1n ny\u00fajt vezet\u00e9si \u00e9lm\u00e9nyt, ink\u00e1bb egy \u00e1tlagos, kiss\u00e9 steril elektromos SUV benyom\u00e1s\u00e1t kelti. A visszajelz\u00e9sek alapj\u00e1n a fut\u00f3m\u0171 komfortos, de nem k\u00fcl\u00f6n\u00f6sebben kifinomult, \u00e9s nagyobb temp\u00f3n\u00e1l m\u00e1r kev\u00e9sb\u00e9 stabil \u00e9rz\u00e9st ad.<\/p>\n<p>A bels\u0151 t\u00e9r egyik legfontosabb jellemz\u0151je, hogy egyszerre pr\u00f3b\u00e1l praktikus \u00e9s modern lenni, de az \u00f6sszhat\u00e1s nem minden esetben meggy\u0151z\u0151. Az utast\u00e9r kialak\u00edt\u00e1sa funkcion\u00e1lis, de az anyaghaszn\u00e1lat sok helyen olcs\u00f3 hat\u00e1s\u00fa, \u00e9s a m\u0171szerfal egyszer\u0171bb, mint amit a Toyota m\u00e1s modelljeit\u0151l megszoktunk. A diz\u00e1jnban er\u0151sen \u00e9rz\u0151dik a Suzuki-fejleszt\u00e9si h\u00e1tt\u00e9r, ami n\u00e9h\u00e1ny esetben a pr\u00e9mium \u00e9rzet rov\u00e1s\u00e1ra megy.<\/p>\n<p>Az infotainment rendszer m\u0171k\u00f6d\u00e9se alapvet\u0151en megfelel\u0151, de nem kiemelked\u0151. A men\u00fcrendszer n\u00e9ha lass\u00fa, \u00e9s a kezel\u0151fel\u00fclet nem mindig reag\u00e1l azonnal, ami frusztr\u00e1l\u00f3 lehet a mindennapi haszn\u00e1latban. B\u00e1r a gy\u00e1rt\u00f3 id\u0151vel jav\u00edtott a szoftveres finomhangol\u00e1son, a rendszer \u00edgy sem tartozik a kateg\u00f3ria legmodernebb megold\u00e1sai k\u00f6z\u00e9.<\/p>\n","protected":false},"excerpt":{"rendered":"<p>\u00f3 A legkem\u00e9nyebben Szentesi \u00c9va \u00edr\u00f3 \u00e9s r\u00e1keduk\u00e1ci\u00f3s aktivista reag\u00e1lt, aki szerint Rubint R\u00e9ka szavai s\u00falyos f\u00e9lrevezet\u00e9st jelenthetnek. \u00c9va azt&#8230; <span class=\"gridview-grid-post-read-more\"><a href=\"https:\/\/hirekegyhelyen.live\/napihirek\/pusztito-tanacsot-ad-rubint-reka-a-szakerto-szerint\/\">read more<span class=\"gridview-sr-only\"> Puszt\u00edt\u00f3 tan\u00e1csot ad Rubint R\u00e9ka a szak\u00e9rt\u0151 szerint!<\/span><\/a><\/span><\/p>\n","protected":false},"author":1,"featured_media":5483,"comment_status":"open","ping_status":"open","sticky":false,"template":"","format":"standard","meta":{"footnotes":""},"categories":[1],"tags":[],"class_list":["post-5482","post","type-post","status-publish","format-standard","has-post-thumbnail","hentry","category-egyeb","wpcat-1-id"],"_links":{"self":[{"href":"https:\/\/hirekegyhelyen.live\/napihirek\/wp-json\/wp\/v2\/posts\/5482","targetHints":{"allow":["GET"]}}],"collection":[{"href":"https:\/\/hirekegyhelyen.live\/napihirek\/wp-json\/wp\/v2\/posts"}],"about":[{"href":"https:\/\/hirekegyhelyen.live\/napihirek\/wp-json\/wp\/v2\/types\/post"}],"author":[{"embeddable":true,"href":"https:\/\/hirekegyhelyen.live\/napihirek\/wp-json\/wp\/v2\/users\/1"}],"replies":[{"embeddable":true,"href":"https:\/\/hirekegyhelyen.live\/napihirek\/wp-json\/wp\/v2\/comments?post=5482"}],"version-history":[{"count":1,"href":"https:\/\/hirekegyhelyen.live\/napihirek\/wp-json\/wp\/v2\/posts\/5482\/revisions"}],"predecessor-version":[{"id":5484,"href":"https:\/\/hirekegyhelyen.live\/napihirek\/wp-json\/wp\/v2\/posts\/5482\/revisions\/5484"}],"wp:featuredmedia":[{"embeddable":true,"href":"https:\/\/hirekegyhelyen.live\/napihirek\/wp-json\/wp\/v2\/media\/5483"}],"wp:attachment":[{"href":"https:\/\/hirekegyhelyen.live\/napihirek\/wp-json\/wp\/v2\/media?parent=5482"}],"wp:term":[{"taxonomy":"category","embeddable":true,"href":"https:\/\/hirekegyhelyen.live\/napihirek\/wp-json\/wp\/v2\/categories?post=5482"},{"taxonomy":"post_tag","embeddable":true,"href":"https:\/\/hirekegyhelyen.live\/napihirek\/wp-json\/wp\/v2\/tags?post=5482"}],"curies":[{"name":"wp","href":"https:\/\/api.w.org\/{rel}","templated":true}]}}