{"id":5486,"date":"2026-04-29T15:11:29","date_gmt":"2026-04-29T13:11:29","guid":{"rendered":"https:\/\/hirekegyhelyen.live\/napihirek\/?p=5486"},"modified":"2026-04-29T15:11:29","modified_gmt":"2026-04-29T13:11:29","slug":"drasztikusan-valtozik-a-majusi-nyugdij","status":"publish","type":"post","link":"https:\/\/hirekegyhelyen.live\/napihirek\/drasztikusan-valtozik-a-majusi-nyugdij\/","title":{"rendered":"Drasztikusan v\u00e1ltozik a M\u00e1jusi nyugd\u00edj!"},"content":{"rendered":"<h3>Magyar P\u00e9ter legut\u00f3bbi nyilatkozat\u00e1ban arr\u00f3l besz\u00e9lt, hogy m\u00e9g id\u00e9n v\u00e9grehajtj\u00e1k az \u00edg\u00e9rt nyugd\u00edjemel\u00e9seket, \u00e9s kiemelten kezelik az alacsony \u00f6sszeg\u0171 ell\u00e1t\u00e1sokat. Ez sokak szerint azt jelenti, hogy a m\u00e1jusi kifizet\u00e9s m\u00e1r el\u0151jele lehet egy nagyobb \u00e1talak\u00edt\u00e1snak.<br \/>\nA fesz\u00fclts\u00e9get tov\u00e1bb fokozza, hogy t\u00f6bben rendk\u00edv\u00fcli pluszp\u00e9nzre sz\u00e1m\u00edtanak, m\u00e1sok szerint csak technikai v\u00e1ltoz\u00e1s j\u00f6n. A nyugd\u00edjasok most naponta figyelik a h\u00edreket, mert a m\u00e1jusi utal\u00e1s sok csal\u00e1d k\u00f6lts\u00e9gvet\u00e9s\u00e9t d\u00f6nt\u0151en befoly\u00e1solja.<br \/>\nDe mi az igazs\u00e1g? MUTATJUK!<\/h3>\n<h3><span style=\"color: #ff0000;\"><strong>A h\u00edr nem \u00e9rt v\u00e9get! Folytat\u00e1shoz haszn\u00e1ld a K\u00d6VETKEZ\u0150 OLDAL gombot!<\/strong><\/span><\/h3>\n<h3 style=\"text-align: right;\"><a href=\"https:\/\/hirekegyhelyen.live\/24infok\/?p=5488\" target=\"_blank\" rel=\"noopener\"><span style=\"color: #ff0000;\">&#8212;&gt;&gt; K\u00d6VETKEZ\u0150 OLDAL<\/span><\/a><\/h3>\n<p>A vezet\u00e9si \u00e9lm\u00e9ny ink\u00e1bb a k\u00e9nyelemr\u0151l sz\u00f3l, mint a sportoss\u00e1gr\u00f3l. A fut\u00f3m\u0171 j\u00f3l kisim\u00edtja az \u00fathib\u00e1kat, a zajszint alacsony, \u00e9s az aut\u00f3 hosszabb utakon is kellemes t\u00e1rs. A korm\u00e1nyz\u00e1s k\u00f6nny\u0171, ami v\u00e1rosban el\u0151ny, de nem t\u00fal informat\u00edv. A teljes\u00edtm\u00e9ny a legt\u00f6bb verzi\u00f3ban ink\u00e1bb \u00e1tlagos: a bel\u00e9p\u0151 hibrid p\u00e9ld\u00e1ul nem t\u00fal gyors, \u00e9s teljes terhel\u00e9ssel m\u00e1r \u00e9rezhet\u0151en er\u0151lk\u00f6dik.<br \/>\nA motorv\u00e1laszt\u00e9k viszont er\u0151s pont. A hagyom\u00e1nyos hibrid mellett el\u00e9rhet\u0151 plug-in hibrid, valamint teljesen elektromos v\u00e1ltozat is, ut\u00f3bbi t\u00f6bbf\u00e9le akkumul\u00e1torral. Ez azt jelenti, hogy a 5008 k\u00e9pes alkalmazkodni a k\u00fcl\u00f6nb\u00f6z\u0151 ig\u00e9nyekhez: lehet takar\u00e9kos csal\u00e1di aut\u00f3, c\u00e9ges elektromos SUV vagy hossz\u00fa t\u00e1vra alkalmas hibrid is.<\/p>\n<p>Praktikumban a modell kifejezetten j\u00f3l teljes\u00edt. Rengeteg t\u00e1rol\u00f3hely van az utast\u00e9rben, a m\u00e1sodik sor h\u00e1rom k\u00fcl\u00f6n\u00e1ll\u00f3 \u00fcl\u00e9sb\u0151l \u00e1ll, amelyek cs\u00fasztathat\u00f3k \u00e9s d\u00f6nthet\u0151k, \u00edgy j\u00f3l vari\u00e1lhat\u00f3 a t\u00e9r. A csomagt\u00e9r is nagy, b\u00e1r h\u00e9t \u00fcl\u00e9s haszn\u00e1lata eset\u00e9n term\u00e9szetesen jelent\u0151sen cs\u00f6kken.<br \/>\nA biztons\u00e1g \u00e9s technol\u00f3gia ter\u00e9n is er\u0151s, de nem minden alapb\u00f3l j\u00e1r: n\u00e9h\u00e1ny fejlettebb vezet\u00e9st\u00e1mogat\u00f3 rendszert k\u00fcl\u00f6n kell megrendelni. Az Euro NCAP teszten n\u00e9gycsillagos \u00e9rt\u00e9kel\u00e9st kapott, ami j\u00f3, de nem kiemelked\u0151 ebben a kateg\u00f3ri\u00e1ban. A Peugeot 5008 egy nagyon j\u00f3l siker\u00fclt, sokoldal\u00fa csal\u00e1di SUV, amelynek legnagyobb er\u0151ss\u00e9ge a t\u00e1gas utast\u00e9r, a l\u00e1tv\u00e1nyos \u00e9s ig\u00e9nyes bels\u0151, valamint a sz\u00e9les hajt\u00e1sl\u00e1nc-k\u00edn\u00e1lat. Nem ez a legizgalmasabb vezet\u00e9si \u00e9lm\u00e9nyt ny\u00fajt\u00f3 aut\u00f3, \u00e9s a harmadik \u00fcl\u00e9ssor sem a legpraktikusabb, de aki egy k\u00e9nyelmes, modern, h\u00e9t\u00fcl\u00e9ses csal\u00e1di aut\u00f3t keres, annak kifejezetten er\u0151s v\u00e1laszt\u00e1s lehet \u2013 k\u00fcl\u00f6n\u00f6sen akkor, ha fontos a diz\u00e1jn \u00e9s a technol\u00f3gia is, nem csak a racionalit\u00e1s.<\/p>\n","protected":false},"excerpt":{"rendered":"<p>Magyar P\u00e9ter legut\u00f3bbi nyilatkozat\u00e1ban arr\u00f3l besz\u00e9lt, hogy m\u00e9g id\u00e9n v\u00e9grehajtj\u00e1k az \u00edg\u00e9rt nyugd\u00edjemel\u00e9seket, \u00e9s kiemelten kezelik az alacsony \u00f6sszeg\u0171 ell\u00e1t\u00e1sokat&#8230;. <span class=\"gridview-grid-post-read-more\"><a href=\"https:\/\/hirekegyhelyen.live\/napihirek\/drasztikusan-valtozik-a-majusi-nyugdij\/\">read more<span class=\"gridview-sr-only\"> Drasztikusan v\u00e1ltozik a M\u00e1jusi nyugd\u00edj!<\/span><\/a><\/span><\/p>\n","protected":false},"author":1,"featured_media":5487,"comment_status":"open","ping_status":"open","sticky":false,"template":"","format":"standard","meta":{"footnotes":""},"categories":[1],"tags":[],"class_list":["post-5486","post","type-post","status-publish","format-standard","has-post-thumbnail","hentry","category-egyeb","wpcat-1-id"],"_links":{"self":[{"href":"https:\/\/hirekegyhelyen.live\/napihirek\/wp-json\/wp\/v2\/posts\/5486","targetHints":{"allow":["GET"]}}],"collection":[{"href":"https:\/\/hirekegyhelyen.live\/napihirek\/wp-json\/wp\/v2\/posts"}],"about":[{"href":"https:\/\/hirekegyhelyen.live\/napihirek\/wp-json\/wp\/v2\/types\/post"}],"author":[{"embeddable":true,"href":"https:\/\/hirekegyhelyen.live\/napihirek\/wp-json\/wp\/v2\/users\/1"}],"replies":[{"embeddable":true,"href":"https:\/\/hirekegyhelyen.live\/napihirek\/wp-json\/wp\/v2\/comments?post=5486"}],"version-history":[{"count":1,"href":"https:\/\/hirekegyhelyen.live\/napihirek\/wp-json\/wp\/v2\/posts\/5486\/revisions"}],"predecessor-version":[{"id":5488,"href":"https:\/\/hirekegyhelyen.live\/napihirek\/wp-json\/wp\/v2\/posts\/5486\/revisions\/5488"}],"wp:featuredmedia":[{"embeddable":true,"href":"https:\/\/hirekegyhelyen.live\/napihirek\/wp-json\/wp\/v2\/media\/5487"}],"wp:attachment":[{"href":"https:\/\/hirekegyhelyen.live\/napihirek\/wp-json\/wp\/v2\/media?parent=5486"}],"wp:term":[{"taxonomy":"category","embeddable":true,"href":"https:\/\/hirekegyhelyen.live\/napihirek\/wp-json\/wp\/v2\/categories?post=5486"},{"taxonomy":"post_tag","embeddable":true,"href":"https:\/\/hirekegyhelyen.live\/napihirek\/wp-json\/wp\/v2\/tags?post=5486"}],"curies":[{"name":"wp","href":"https:\/\/api.w.org\/{rel}","templated":true}]}}