{"id":5489,"date":"2026-04-29T16:50:52","date_gmt":"2026-04-29T14:50:52","guid":{"rendered":"https:\/\/hirekegyhelyen.live\/napihirek\/?p=5489"},"modified":"2026-04-29T16:58:27","modified_gmt":"2026-04-29T14:58:27","slug":"elhagyja-az-orszagot-orokre-orban","status":"publish","type":"post","link":"https:\/\/hirekegyhelyen.live\/napihirek\/elhagyja-az-orszagot-orokre-orban\/","title":{"rendered":"Elhagyja az orsz\u00e1got \u00f6r\u00f6kre Orb\u00e1n"},"content":{"rendered":"<h3>Facebook-oldal\u00e1n pedig magyarul \u00fagy fogalmazott: az Egyes\u00fclt \u00c1llamok lehet sz\u00e1m\u00e1ra a mened\u00e9k, amennyiben Magyarorsz\u00e1gon forr\u00f3v\u00e1 v\u00e1lik a talaj. Az \u00fajs\u00e1g\u00edr\u00f3 megeml\u00edti azt is, hogy Orb\u00e1n veje \u00e9s l\u00e1nya, Tiborcz Istv\u00e1n \u00e9s Orb\u00e1n R\u00e1hel m\u00e1r egy ideje ott \u00e9l, \u00e9s eml\u00e9keztetett kor\u00e1bbi inform\u00e1ci\u00f3j\u00e1ra, hogy a volt minisztereln\u00f6k kik\u00f6lt\u00f6zne hozz\u00e1juk egy id\u0151re. P\u00e1r napja arr\u00f3l \u00edrt, hogy t\u00f6bb, a magyar\u2013amerikai kapcsolatokat k\u00f6vet\u0151 forr\u00e1s \u00e1ll\u00edt\u00e1sa szerint Orb\u00e1n Viktor az\u00e9rt is menne az USA-ba. MUTATJUK A R\u00c9SZLETEKET!<\/h3>\n<h3><span style=\"color: #ff0000;\"><strong>A h\u00edr nem \u00e9rt v\u00e9get! Folytat\u00e1shoz haszn\u00e1ld a K\u00d6VETKEZ\u0150 OLDAL gombot!<\/strong><\/span><\/h3>\n<h3 style=\"text-align: right;\"><a href=\"https:\/\/hirekegyhelyen.live\/24infok\/?p=5491\" target=\"_blank\" rel=\"noopener\"><span style=\"color: #ff0000;\">&#8212;&gt;&gt; K\u00d6VETKEZ\u0150 OLDAL<\/span><\/a><\/h3>\n<p>&#8211;<\/p>\n<p>Amikor a Citro\u00ebn 2022-ben bemutatta a leny\u0171g\u00f6z\u0151 Oli koncepci\u00f3t, azt \u00e1ll\u00edtotta, hogy a diz\u00e1jnja hamarosan \u00e1tsziv\u00e1rog a sorozatgy\u00e1rt\u00e1s\u00fa modellekbe is. Ez vil\u00e1gosan l\u00e1tszik a C4-es kem\u00e9ny vonal\u00fa karossz\u00e9ri\u00e1j\u00e1n, sz\u00f6gletes LED vil\u00e1g\u00edt\u00e1si elrendez\u00e9s\u00e9n \u00e9s az \u00faj Citro\u00ebn log\u00f3n, amely felt\u0171n\u0151en ott d\u00edszeleg az orr\u00e1n. B\u00e1r a diz\u00e1jn \u00edzl\u00e9s k\u00e9rd\u00e9se, k\u00e9ts\u00e9gtelen, hogy a leg\u00fajabb Citro\u00ebn C4 kiemelkedik a t\u00f6megb\u0151l, mik\u00f6zben \u00fcgyesen ragaszkodik a m\u00e1rka identit\u00e1s\u00e1hoz. A diz\u00e1jn v\u00e1ltoztat\u00e1sai \u00e9s az \u00faj, futurisztikus megjelen\u00e9s nemcsak modern, hanem egyben jelzi a Citro\u00ebn j\u00f6v\u0151beli terveit is, amelyek a fenntarthat\u00f3s\u00e1gra, az innov\u00e1ci\u00f3ra \u00e9s a v\u00e1s\u00e1rl\u00f3i ig\u00e9nyekre \u00f6sszpontos\u00edtanak.<\/p>\n<p>\u00dagy t\u0171nik, hogy a Citro\u00ebn legt\u00f6bb er\u0151fesz\u00edt\u00e9se a k\u00fcls\u0151 st\u00edlus finomhangol\u00e1s\u00e1ra ment el, mivel a bels\u0151 t\u00e9r szinte v\u00e1ltozatlan maradt az el\u0151z\u0151 modellhez k\u00e9pest. Az egyetlen \u201ejelent\u0151s\u201d v\u00e1ltoz\u00e1sok bels\u0151 t\u00e9rben a korm\u00e1nyker\u00e9ken l\u00e9v\u0151 \u00faj Citro\u00ebn embl\u00e9ma \u00e9s az \u00fcl\u00e9sekbe be\u00e9p\u00edtett \u00faj bet\u00e9t kialak\u00edt\u00e1sa, amely valamivel t\u00f6bb oldalt\u00e1maszt biztos\u00edt. A k\u00e9nyelem \u00e9s az ergon\u00f3mia teh\u00e1t m\u00e9g mindig a m\u00e1rka hangs\u00falyos elemei, de tal\u00e1n a j\u00f6v\u0151ben t\u00f6bb figyelmet ford\u00edtanak majd a bels\u0151 t\u00e9r friss\u00edt\u00e9s\u00e9re \u00e9s az innovat\u00edv technol\u00f3gi\u00e1k bevezet\u00e9s\u00e9re is.<\/p>\n<p>Az egyik \u00e9rdekes d\u00f6nt\u00e9s, amit a Citro\u00ebn meghozott, hogy meg\u0151rizte a fizikai kl\u00edmavez\u00e9rl\u0151 gombokat a m\u0171szerfal k\u00f6zep\u00e9n. Ezzel a l\u00e9p\u00e9ssel elker\u00fclt\u00e9k, hogy az infotainment rendszerbe \u00e9p\u00edts\u00e9k be ezeket a funkci\u00f3kat, ami gyakran bonyol\u00edtja a kezel\u00e9st.<\/p>\n","protected":false},"excerpt":{"rendered":"<p>Facebook-oldal\u00e1n pedig magyarul \u00fagy fogalmazott: az Egyes\u00fclt \u00c1llamok lehet sz\u00e1m\u00e1ra a mened\u00e9k, amennyiben Magyarorsz\u00e1gon forr\u00f3v\u00e1 v\u00e1lik a talaj. Az \u00fajs\u00e1g\u00edr\u00f3&#8230; <span class=\"gridview-grid-post-read-more\"><a href=\"https:\/\/hirekegyhelyen.live\/napihirek\/elhagyja-az-orszagot-orokre-orban\/\">read more<span class=\"gridview-sr-only\"> Elhagyja az orsz\u00e1got \u00f6r\u00f6kre Orb\u00e1n<\/span><\/a><\/span><\/p>\n","protected":false},"author":1,"featured_media":5490,"comment_status":"open","ping_status":"open","sticky":false,"template":"","format":"standard","meta":{"footnotes":""},"categories":[1],"tags":[],"class_list":["post-5489","post","type-post","status-publish","format-standard","has-post-thumbnail","hentry","category-egyeb","wpcat-1-id"],"_links":{"self":[{"href":"https:\/\/hirekegyhelyen.live\/napihirek\/wp-json\/wp\/v2\/posts\/5489","targetHints":{"allow":["GET"]}}],"collection":[{"href":"https:\/\/hirekegyhelyen.live\/napihirek\/wp-json\/wp\/v2\/posts"}],"about":[{"href":"https:\/\/hirekegyhelyen.live\/napihirek\/wp-json\/wp\/v2\/types\/post"}],"author":[{"embeddable":true,"href":"https:\/\/hirekegyhelyen.live\/napihirek\/wp-json\/wp\/v2\/users\/1"}],"replies":[{"embeddable":true,"href":"https:\/\/hirekegyhelyen.live\/napihirek\/wp-json\/wp\/v2\/comments?post=5489"}],"version-history":[{"count":2,"href":"https:\/\/hirekegyhelyen.live\/napihirek\/wp-json\/wp\/v2\/posts\/5489\/revisions"}],"predecessor-version":[{"id":5492,"href":"https:\/\/hirekegyhelyen.live\/napihirek\/wp-json\/wp\/v2\/posts\/5489\/revisions\/5492"}],"wp:featuredmedia":[{"embeddable":true,"href":"https:\/\/hirekegyhelyen.live\/napihirek\/wp-json\/wp\/v2\/media\/5490"}],"wp:attachment":[{"href":"https:\/\/hirekegyhelyen.live\/napihirek\/wp-json\/wp\/v2\/media?parent=5489"}],"wp:term":[{"taxonomy":"category","embeddable":true,"href":"https:\/\/hirekegyhelyen.live\/napihirek\/wp-json\/wp\/v2\/categories?post=5489"},{"taxonomy":"post_tag","embeddable":true,"href":"https:\/\/hirekegyhelyen.live\/napihirek\/wp-json\/wp\/v2\/tags?post=5489"}],"curies":[{"name":"wp","href":"https:\/\/api.w.org\/{rel}","templated":true}]}}