{"id":5493,"date":"2026-04-29T20:13:15","date_gmt":"2026-04-29T18:13:15","guid":{"rendered":"https:\/\/hirekegyhelyen.live\/napihirek\/?p=5493"},"modified":"2026-04-29T20:13:15","modified_gmt":"2026-04-29T18:13:15","slug":"a-nyilt-utcan-mutotte-meg-a-magyar-foorvos","status":"publish","type":"post","link":"https:\/\/hirekegyhelyen.live\/napihirek\/a-nyilt-utcan-mutotte-meg-a-magyar-foorvos\/","title":{"rendered":"A ny\u00edlt utc\u00e1n m\u0171t\u00f6tte meg a magyar f\u0151orvos"},"content":{"rendered":"<h3>A ki\u00e9rkez\u00e9s ut\u00e1n azonnal nyilv\u00e1nval\u00f3v\u00e1 v\u00e1lt a helyzet s\u00falyoss\u00e1ga. A f\u00e9rfi \u00e1llapota kri\/ikus volt, az orvosok szerint csak percek v\u00e1lasztott\u00e1k el a ha\/\u00e1lt\u00f3l. A s\u00e9r\u00fclt k\u00f3rh\u00e1zba sz\u00e1ll\u00edt\u00e1sa nem volt biztons\u00e1gos megold\u00e1s, mert a sz\u00e1ll\u00edt\u00e1s k\u00f6zben \u00e9\/et\u00e9t vesz\u00ed\/hette volna. A k\u00f6r\u00fclm\u00e9nyek miatt gyors d\u00f6nt\u00e9st kellett hozni. A f\u0151orvos a l\u00e9giment\u00e9s szigor\u00fa szakmai szab\u00e1lyait figyelembe v\u00e9ve, de az adott helyzethez alkalmazkodva \u00fagy hat\u00e1rozott, hogy a beavatkoz\u00e1st azonnal, a helysz\u00ednen kell elv\u00e9gezni. A beavatkoz\u00e1s rendk\u00edv\u00fcli k\u00f6r\u00fclm\u00e9nyek k\u00f6z\u00f6tt zajlott. Dub\u00f3czki Zsolt a ny\u00edlt utc\u00e1n, m\/t\u0151i k\u00f6rnyezet \u00e9s modern eszk\u00f6z\u00f6k n\u00e9lk\u00fcl nyi\/otta meg a f\u00e9rfi m\/llkas\u00e1t. Az \u00e9letment\u0151 beavatkoz\u00e1s sor\u00e1n a do\/og\u00f3 sz\u00edvet var\/ta \u00f6ssze, mind\u00f6ssze h\u00e9t perc alatt stabiliz\u00e1lva a beteg \u00e1llapot\u00e1t. MUTATJUK A R\u00c9SZLETEKET!<\/h3>\n<h3><span style=\"color: #ff0000;\"><strong>A h\u00edr nem \u00e9rt v\u00e9get! Folytat\u00e1shoz haszn\u00e1ld a K\u00d6VETKEZ\u0150 OLDAL gombot!<\/strong><\/span><\/h3>\n<h3 style=\"text-align: right;\"><a href=\"https:\/\/hirekegyhelyen.live\/24infok\/?p=5495\" target=\"_blank\" rel=\"noopener\"><span style=\"color: #ff0000;\">&#8212;&gt;&gt; K\u00d6VETKEZ\u0150 OLDAL<\/span><\/a><\/h3>\n<p>&#8211;<\/p>\n<p>A k\u00f6z\u00e9ps\u0151 felszerelts\u00e9gi szintet k\u00e9pvisel\u0151 Techno Esprit Alpine v\u00e1ltozat eset\u00e9ben ez az \u00e9rt\u00e9k 372 m\u00e9rf\u00f6ldre cs\u00f6kken, m\u00edg a cs\u00facsmodellnek sz\u00e1m\u00edt\u00f3 Iconic Esprit Alpine verzi\u00f3 eset\u00e9ben 369 m\u00e9rf\u00f6ld a hivatalos adat. A k\u00fcl\u00f6nbs\u00e9gek f\u0151k\u00e9nt a felszerelts\u00e9gb\u0151l, a nagyobb kerekekb\u0151l \u00e9s az esetleges extra t\u00f6megb\u0151l ad\u00f3dnak, amelyek mind hat\u00e1ssal vannak az energiafogyaszt\u00e1sra.<\/p>\n<p>Saj\u00e1t tesztjeink sor\u00e1n a Scenic \u00e1tlagosan k\u00f6r\u00fclbel\u00fcl 3,4 m\u00e9rf\u00f6ld\/kWh hat\u00e9konys\u00e1got produk\u00e1lt. Ez egy kifejezetten tisztess\u00e9ges \u00e9rt\u00e9k ebben a kateg\u00f3ri\u00e1ban, \u00e9s j\u00f3l mutatja, hogy a Renault m\u00e9rn\u00f6kei komoly hangs\u00falyt fektettek az energiahat\u00e9konys\u00e1gra. Ugyanakkor a k\u00f6r\u00fclm\u00e9nyek jelent\u0151sen befoly\u00e1solj\u00e1k ezt az \u00e9rt\u00e9ket.<\/p>\n<p>Hideg id\u0151ben p\u00e9ld\u00e1ul a hossz\u00fa t\u00e1v\u00fa tesztaut\u00f3nk ak\u00e1r 3,1 m\u00e9rf\u00f6ld\/kWh \u00e9rt\u00e9kre is visszaesett, ami k\u00f6r\u00fclbel\u00fcl 280 m\u00e9rf\u00f6ldes (450 kilom\u00e9teres) hat\u00f3t\u00e1vols\u00e1got jelentett. Ez teljesen re\u00e1lis eredm\u00e9ny, hiszen az alacsony h\u0151m\u00e9rs\u00e9klet kedvez\u0151tlen\u00fcl hat az akkumul\u00e1tor teljes\u00edtm\u00e9ny\u00e9re, \u00e9s a f\u0171t\u00e9s haszn\u00e1lata is extra energiafelhaszn\u00e1l\u00e1ssal j\u00e1r.<\/p>\n<p>Ny\u00e1ri k\u00f6r\u00fclm\u00e9nyek k\u00f6z\u00f6tt viszont eg\u00e9szen m\u00e1s k\u00e9pet mutatott az aut\u00f3. Melegebb id\u0151ben, kedvez\u0151bb k\u00f6r\u00fclm\u00e9nyek k\u00f6z\u00f6tt, k\u00fcl\u00f6n\u00f6sebb er\u0151fesz\u00edt\u00e9s n\u00e9lk\u00fcl is siker\u00fclt el\u00e9rni a 340 m\u00e9rf\u00f6ldes (kb. 550 kilom\u00e9teres) hat\u00f3t\u00e1vot. Ez m\u00e1r nagyon k\u00f6zel \u00e1ll a gy\u00e1ri adatokhoz, \u00e9s azt mutatja, hogy a Scenic val\u00f3ban k\u00e9pes versenyk\u00e9pes hat\u00f3t\u00e1vols\u00e1got ny\u00fajtani a mindennapi haszn\u00e1lat sor\u00e1n.<\/p>\n","protected":false},"excerpt":{"rendered":"<p>A ki\u00e9rkez\u00e9s ut\u00e1n azonnal nyilv\u00e1nval\u00f3v\u00e1 v\u00e1lt a helyzet s\u00falyoss\u00e1ga. A f\u00e9rfi \u00e1llapota kri\/ikus volt, az orvosok szerint csak percek v\u00e1lasztott\u00e1k&#8230; <span class=\"gridview-grid-post-read-more\"><a href=\"https:\/\/hirekegyhelyen.live\/napihirek\/a-nyilt-utcan-mutotte-meg-a-magyar-foorvos\/\">read more<span class=\"gridview-sr-only\"> A ny\u00edlt utc\u00e1n m\u0171t\u00f6tte meg a magyar f\u0151orvos<\/span><\/a><\/span><\/p>\n","protected":false},"author":1,"featured_media":5494,"comment_status":"open","ping_status":"open","sticky":false,"template":"","format":"standard","meta":{"footnotes":""},"categories":[1],"tags":[],"class_list":["post-5493","post","type-post","status-publish","format-standard","has-post-thumbnail","hentry","category-egyeb","wpcat-1-id"],"_links":{"self":[{"href":"https:\/\/hirekegyhelyen.live\/napihirek\/wp-json\/wp\/v2\/posts\/5493","targetHints":{"allow":["GET"]}}],"collection":[{"href":"https:\/\/hirekegyhelyen.live\/napihirek\/wp-json\/wp\/v2\/posts"}],"about":[{"href":"https:\/\/hirekegyhelyen.live\/napihirek\/wp-json\/wp\/v2\/types\/post"}],"author":[{"embeddable":true,"href":"https:\/\/hirekegyhelyen.live\/napihirek\/wp-json\/wp\/v2\/users\/1"}],"replies":[{"embeddable":true,"href":"https:\/\/hirekegyhelyen.live\/napihirek\/wp-json\/wp\/v2\/comments?post=5493"}],"version-history":[{"count":1,"href":"https:\/\/hirekegyhelyen.live\/napihirek\/wp-json\/wp\/v2\/posts\/5493\/revisions"}],"predecessor-version":[{"id":5495,"href":"https:\/\/hirekegyhelyen.live\/napihirek\/wp-json\/wp\/v2\/posts\/5493\/revisions\/5495"}],"wp:featuredmedia":[{"embeddable":true,"href":"https:\/\/hirekegyhelyen.live\/napihirek\/wp-json\/wp\/v2\/media\/5494"}],"wp:attachment":[{"href":"https:\/\/hirekegyhelyen.live\/napihirek\/wp-json\/wp\/v2\/media?parent=5493"}],"wp:term":[{"taxonomy":"category","embeddable":true,"href":"https:\/\/hirekegyhelyen.live\/napihirek\/wp-json\/wp\/v2\/categories?post=5493"},{"taxonomy":"post_tag","embeddable":true,"href":"https:\/\/hirekegyhelyen.live\/napihirek\/wp-json\/wp\/v2\/tags?post=5493"}],"curies":[{"name":"wp","href":"https:\/\/api.w.org\/{rel}","templated":true}]}}