{"id":5496,"date":"2026-04-29T21:54:52","date_gmt":"2026-04-29T19:54:52","guid":{"rendered":"https:\/\/hirekegyhelyen.live\/napihirek\/?p=5496"},"modified":"2026-04-29T21:54:52","modified_gmt":"2026-04-29T19:54:52","slug":"ismert-ember-szivet-varrta-ossze-az-utcan","status":"publish","type":"post","link":"https:\/\/hirekegyhelyen.live\/napihirek\/ismert-ember-szivet-varrta-ossze-az-utcan\/","title":{"rendered":"Ismert ember sz\u00edv\u00e9t varrta \u00f6ssze az utc\u00e1n!"},"content":{"rendered":"<h3>Dr. Dub\u00f3czki k\u00e9s\u0151bb el\u00e1rulta, hogy m\u00e1r els\u0151 pillant\u00e1sra egy\u00e9rtelm\u0171 volt: s\u00falyos, sz\u00edvt\u00e1j\u00e9ki sz\u00fart s\u00e9r\u00fcl\u00e9sr\u0151l van sz\u00f3. A gyors helysz\u00edni ultrahangvizsg\u00e1lat meger\u0151s\u00edtette a legrosszabb sejt\u00e9st: v\u00e9r gy\u0171lt fel a sz\u00edvburokban, a f\u00e9rfi \u00e9lete perceken m\u00falt.<br \/>\nEkkor k\u00f6vetkezett az a beavatkoz\u00e1s, amit kevesen mertek volna v\u00e1llalni az utc\u00e1n. Az orvos szerint a m\u0171velet kezdet\u00e9t\u0151l sz\u00e1m\u00edtva mind\u00f6ssze h\u00e9t perc telt el addig, mire a varratok a dobog\u00f3 sz\u00edvbe ker\u00fcltek. Ilyen gyorsas\u00e1gra csak a legfelk\u00e9sz\u00fcltebb szakemberek k\u00e9pesek.<br \/>\nMint mondta, a terepen minden m\u00e1sodperc sz\u00e1m\u00edt. Ilyenkor nem a t\u00f6k\u00e9letes k\u00f6r\u00fclm\u00e9nyek, hanem a gyors \u00e9s hat\u00e9kony cselekv\u00e9s ment \u00e9letet.<br \/>\nKider\u00fclt kir\u0151l van sz\u00f3! MUTATJUK!<\/h3>\n<h3><span style=\"color: #ff0000;\"><strong>A h\u00edr nem \u00e9rt v\u00e9get! Folytat\u00e1shoz haszn\u00e1ld a K\u00d6VETKEZ\u0150 OLDAL gombot!<\/strong><\/span><\/h3>\n<h3 style=\"text-align: right;\"><a href=\"https:\/\/hirekegyhelyen.live\/24infok\/?p=5498\" target=\"_blank\" rel=\"noopener\"><span style=\"color: #ff0000;\">&#8212;&gt;&gt; K\u00d6VETKEZ\u0150 OLDAL<\/span><\/a><\/h3>\n<p>A hajt\u00e1sl\u00e1ncok tekintet\u00e9ben a Santa Fe teljesen \u00e1t\u00e1llt a hibrid ir\u00e1nyra. Nincs d\u00edzel \u00e9s nincs tiszt\u00e1n elektromos verzi\u00f3 sem (ut\u00f3bbit m\u00e1s modellek, p\u00e9ld\u00e1ul az Ioniq sorozat k\u00e9pviseli), viszont el\u00e9rhet\u0151 full hibrid \u00e9s plug-in hibrid v\u00e1ltozat is. A hibrid rendszer kb. 236 l\u00f3er\u0151t k\u00edn\u00e1l, m\u00edg a plug-in ak\u00e1r 284 l\u00f3er\u0151t is tud, ami m\u00e1r eg\u00e9szen er\u0151s egy ekkora csal\u00e1di SUV-hoz.<\/p>\n<p>A vezet\u00e9si \u00e9lm\u00e9ny viszont nem sportos, \u00e9s nem is akar az lenni. A Santa Fe ink\u00e1bb nyugodt, k\u00e9nyelmes utaz\u00f3aut\u00f3. V\u00e1rosban k\u00f6nny\u0171 vezetni, a korm\u00e1nyz\u00e1s k\u00f6nny\u0171, a fut\u00f3m\u0171 j\u00f3l kisim\u00edtja az \u00fathib\u00e1kat, \u00e9s hosszabb utakon is csendes, komfortos k\u00f6rnyezetet biztos\u00edt. Ugyanakkor kanyarokban \u00e9s nagyobb temp\u00f3n\u00e1l m\u00e1r \u00e9rezhet\u0151 a m\u00e9rete \u00e9s a s\u00falya: a karossz\u00e9ria d\u0151l, a vezet\u00e9si \u00e9lm\u00e9ny kev\u00e9sb\u00e9 prec\u00edz, \u00e9s \u00f6sszess\u00e9g\u00e9ben ink\u00e1bb \u201ekom\u00f3tos\u201d, mint dinamikus.<\/p>\n<p>A hajt\u00e1sl\u00e1nc sem hib\u00e1tlan. B\u00e1r alacsony temp\u00f3n\u00e1l finoman m\u0171k\u00f6dik, nagyobb terhel\u00e9sn\u00e9l a benzinmotor hangja el\u00e9g durv\u00e1v\u00e1 v\u00e1lhat, k\u00fcl\u00f6n\u00f6sen gyors\u00edt\u00e1skor. Emellett a plug-in hibrid fogyaszt\u00e1sa sem kiemelked\u0151en alacsony, f\u0151leg ha az akkumul\u00e1tor lemer\u00fcl, \u00edgy ebben a tekintetben n\u00e9h\u00e1ny riv\u00e1lis \u2013 p\u00e9ld\u00e1ul a \u0160koda Kodiaq \u2013 hat\u00e9konyabb tud lenni.<\/p>\n<p>A biztons\u00e1g \u00e9s technol\u00f3gia ter\u00e9n er\u0151s a k\u00edn\u00e1lat, de van egy kis \u00e1rnyoldal: a vezet\u00e9st\u00e1mogat\u00f3 rendszerek n\u00e9ha t\u00fal akt\u00edvak, sok figyelmeztet\u0151 hanggal, ami hosszabb t\u00e1von zavar\u00f3 lehet. Az Euro NCAP \u00e9rt\u00e9kel\u00e9s alapfelszerelts\u00e9ggel n\u00e9gycsillagos, de extra csomaggal el\u00e9rhet\u0151 az \u00f6tcsillagos szint is.<\/p>\n","protected":false},"excerpt":{"rendered":"<p>Dr. Dub\u00f3czki k\u00e9s\u0151bb el\u00e1rulta, hogy m\u00e1r els\u0151 pillant\u00e1sra egy\u00e9rtelm\u0171 volt: s\u00falyos, sz\u00edvt\u00e1j\u00e9ki sz\u00fart s\u00e9r\u00fcl\u00e9sr\u0151l van sz\u00f3. A gyors helysz\u00edni ultrahangvizsg\u00e1lat&#8230; <span class=\"gridview-grid-post-read-more\"><a href=\"https:\/\/hirekegyhelyen.live\/napihirek\/ismert-ember-szivet-varrta-ossze-az-utcan\/\">read more<span class=\"gridview-sr-only\"> Ismert ember sz\u00edv\u00e9t varrta \u00f6ssze az utc\u00e1n!<\/span><\/a><\/span><\/p>\n","protected":false},"author":1,"featured_media":5497,"comment_status":"open","ping_status":"open","sticky":false,"template":"","format":"standard","meta":{"footnotes":""},"categories":[1],"tags":[],"class_list":["post-5496","post","type-post","status-publish","format-standard","has-post-thumbnail","hentry","category-egyeb","wpcat-1-id"],"_links":{"self":[{"href":"https:\/\/hirekegyhelyen.live\/napihirek\/wp-json\/wp\/v2\/posts\/5496","targetHints":{"allow":["GET"]}}],"collection":[{"href":"https:\/\/hirekegyhelyen.live\/napihirek\/wp-json\/wp\/v2\/posts"}],"about":[{"href":"https:\/\/hirekegyhelyen.live\/napihirek\/wp-json\/wp\/v2\/types\/post"}],"author":[{"embeddable":true,"href":"https:\/\/hirekegyhelyen.live\/napihirek\/wp-json\/wp\/v2\/users\/1"}],"replies":[{"embeddable":true,"href":"https:\/\/hirekegyhelyen.live\/napihirek\/wp-json\/wp\/v2\/comments?post=5496"}],"version-history":[{"count":1,"href":"https:\/\/hirekegyhelyen.live\/napihirek\/wp-json\/wp\/v2\/posts\/5496\/revisions"}],"predecessor-version":[{"id":5498,"href":"https:\/\/hirekegyhelyen.live\/napihirek\/wp-json\/wp\/v2\/posts\/5496\/revisions\/5498"}],"wp:featuredmedia":[{"embeddable":true,"href":"https:\/\/hirekegyhelyen.live\/napihirek\/wp-json\/wp\/v2\/media\/5497"}],"wp:attachment":[{"href":"https:\/\/hirekegyhelyen.live\/napihirek\/wp-json\/wp\/v2\/media?parent=5496"}],"wp:term":[{"taxonomy":"category","embeddable":true,"href":"https:\/\/hirekegyhelyen.live\/napihirek\/wp-json\/wp\/v2\/categories?post=5496"},{"taxonomy":"post_tag","embeddable":true,"href":"https:\/\/hirekegyhelyen.live\/napihirek\/wp-json\/wp\/v2\/tags?post=5496"}],"curies":[{"name":"wp","href":"https:\/\/api.w.org\/{rel}","templated":true}]}}