{"id":5499,"date":"2026-04-29T22:31:42","date_gmt":"2026-04-29T20:31:42","guid":{"rendered":"https:\/\/hirekegyhelyen.live\/napihirek\/?p=5499"},"modified":"2026-04-29T22:31:42","modified_gmt":"2026-04-29T20:31:42","slug":"itt-mar-ujra-erkezik-a-sokkal-magasabb-nyugdij","status":"publish","type":"post","link":"https:\/\/hirekegyhelyen.live\/napihirek\/itt-mar-ujra-erkezik-a-sokkal-magasabb-nyugdij\/","title":{"rendered":"Itt m\u00e1r \u00fajra \u00e9rkezik a sokkal magasabb nyugd\u00edj!"},"content":{"rendered":"<h3>Budapest viszi a pr\u00edmet, itt kapj\u00e1k a legt\u00f6bbet az id\u0151sek. A cs\u00facstart\u00f3 a XII. ker\u00fclet, ahol \u00e1tlagosan 358 ezer forint nyugd\u00edj \u00e9rkezik havonta. K\u00f6zvetlen\u00fcl m\u00f6g\u00f6tte \u00e1ll a II. ker\u00fclet 357 ezer forinttal, a harmadik helyen pedig az I. ker\u00fclet v\u00e9gzett 345 ezer forintos \u00e1tlaggal. De nemcsak a f\u0151v\u00e1ros er\u0151s: Budakeszi 312 ezerrel vezet a j\u00e1r\u00e1sok k\u00f6z\u00f6tt, ut\u00e1na Tisza\u00fajv\u00e1ros 307 ezerrel, majd Dunakeszi 298 ezer forinttal k\u00f6vetkezik.<br \/>\nA v\u00e9g\u00e9n azonban j\u00f6n a hidegzuhany. MUTATJUK!<\/h3>\n<h3><span style=\"color: #ff0000;\"><strong>A h\u00edr nem \u00e9rt v\u00e9get! Folytat\u00e1shoz haszn\u00e1ld a K\u00d6VETKEZ\u0150 OLDAL gombot!<\/strong><\/span><\/h3>\n<h3 style=\"text-align: right;\"><a href=\"https:\/\/hirekegyhelyen.live\/24infok\/?p=5501\" target=\"_blank\" rel=\"noopener\"><span style=\"color: #ff0000;\">&#8212;&gt;&gt; K\u00d6VETKEZ\u0150 OLDAL<\/span><\/a><\/h3>\n<p>A fogyaszt\u00e1s \u00e9s fenntart\u00e1s ter\u00e9n a C3 kifejezetten er\u0151s aj\u00e1nlat. A benzinmotor vegyes haszn\u00e1latban k\u00f6r\u00fclbel\u00fcl 5 liter k\u00f6r\u00fcli fogyaszt\u00e1st tud, m\u00edg a hibrid enn\u00e9l is takar\u00e9kosabb lehet. Ez a gyakorlatban azt jelenti, hogy a C3 nemcsak olcs\u00f3n megv\u00e1s\u00e1rolhat\u00f3, hanem viszonylag olcs\u00f3n is \u00fczemeltethet\u0151, ami sok v\u00e1s\u00e1rl\u00f3 sz\u00e1m\u00e1ra kulcsfontoss\u00e1g\u00fa szempont ebben a kateg\u00f3ri\u00e1ban.<br \/>\nA bels\u0151 t\u00e9r meglep\u0151en t\u00e1gas a k\u00fcls\u0151 m\u00e9retekhez k\u00e9pest. A magas, sz\u00f6gletes karossz\u00e9ria miatt a C3-ban k\u00e9nyelmesen elf\u00e9r n\u00e9gy feln\u0151tt, \u00e9s a csomagt\u00e9r is haszn\u00e1lhat\u00f3 m\u00e9ret\u0171 a kateg\u00f3ri\u00e1n bel\u00fcl. Az els\u0151 \u00fcl\u00e9sek k\u00e9nyelmesek, hosszabb utakra is megfelel\u0151ek, a t\u00e1rol\u00f3helyek sz\u00e1ma pedig korrekt, \u00edgy a mindennapi haszn\u00e1lat sor\u00e1n j\u00f3l teljes\u00edt. H\u00e1tr\u00e1nya, hogy h\u00e1tul a l\u00e1bt\u00e9r kiss\u00e9 sz\u0171k\u00f6s lehet, illetve a csomagt\u00e9r rakod\u00f3pereme magas, ami nehez\u00edti a pakol\u00e1st.<br \/>\nA biztons\u00e1gi \u00e9s technol\u00f3giai felszerelts\u00e9g megfelel\u0151, b\u00e1r nem minden esetben alapfelszerelts\u00e9gk\u00e9nt \u00e9rhet\u0151 el a teljes csomag. T\u00f6bb vezet\u00e9st\u00e1mogat\u00f3 rendszer is megtal\u00e1lhat\u00f3 benne, mint p\u00e9ld\u00e1ul v\u00e9szf\u00e9kasszisztens, s\u00e1velhagy\u00e1s-figyelmeztet\u00e9s \u00e9s sebess\u00e9gkorl\u00e1toz\u00e1s-figyel\u00e9s. Ezek seg\u00edtik a mindennapi haszn\u00e1latot, b\u00e1r a legmagasabb felszerelts\u00e9gi szintek sz\u00fcks\u00e9gesek a teljes csomaghoz.<br \/>\n\u00d6sszess\u00e9g\u00e9ben a Citro\u00ebn C3 egy tudatosan egyszer\u0171s\u00edtett, de nagyon j\u00f3l \u00e1tgondolt kisaut\u00f3, amely a k\u00e9nyelmet \u00e9s az alacsony \u00e1rakat helyezi el\u0151t\u00e9rbe. Nem a legizgalmasabb vezet\u00e9si \u00e9lm\u00e9nyt ny\u00fajtja, \u00e9s anyaghaszn\u00e1latban sem pr\u00e9mium, viszont t\u00e1gas, k\u00e9nyelmes \u00e9s nagyon versenyk\u00e9pes \u00e1r\u00fa, ami miatt tov\u00e1bbra is az egyik leger\u0151sebb aj\u00e1nlat a bel\u00e9p\u0151 szint\u0171 kisaut\u00f3k k\u00f6z\u00f6tt.<\/p>\n","protected":false},"excerpt":{"rendered":"<p>Budapest viszi a pr\u00edmet, itt kapj\u00e1k a legt\u00f6bbet az id\u0151sek. A cs\u00facstart\u00f3 a XII. ker\u00fclet, ahol \u00e1tlagosan 358 ezer forint&#8230; <span class=\"gridview-grid-post-read-more\"><a href=\"https:\/\/hirekegyhelyen.live\/napihirek\/itt-mar-ujra-erkezik-a-sokkal-magasabb-nyugdij\/\">read more<span class=\"gridview-sr-only\"> Itt m\u00e1r \u00fajra \u00e9rkezik a sokkal magasabb nyugd\u00edj!<\/span><\/a><\/span><\/p>\n","protected":false},"author":1,"featured_media":5500,"comment_status":"open","ping_status":"open","sticky":false,"template":"","format":"standard","meta":{"footnotes":""},"categories":[1],"tags":[],"class_list":["post-5499","post","type-post","status-publish","format-standard","has-post-thumbnail","hentry","category-egyeb","wpcat-1-id"],"_links":{"self":[{"href":"https:\/\/hirekegyhelyen.live\/napihirek\/wp-json\/wp\/v2\/posts\/5499","targetHints":{"allow":["GET"]}}],"collection":[{"href":"https:\/\/hirekegyhelyen.live\/napihirek\/wp-json\/wp\/v2\/posts"}],"about":[{"href":"https:\/\/hirekegyhelyen.live\/napihirek\/wp-json\/wp\/v2\/types\/post"}],"author":[{"embeddable":true,"href":"https:\/\/hirekegyhelyen.live\/napihirek\/wp-json\/wp\/v2\/users\/1"}],"replies":[{"embeddable":true,"href":"https:\/\/hirekegyhelyen.live\/napihirek\/wp-json\/wp\/v2\/comments?post=5499"}],"version-history":[{"count":1,"href":"https:\/\/hirekegyhelyen.live\/napihirek\/wp-json\/wp\/v2\/posts\/5499\/revisions"}],"predecessor-version":[{"id":5501,"href":"https:\/\/hirekegyhelyen.live\/napihirek\/wp-json\/wp\/v2\/posts\/5499\/revisions\/5501"}],"wp:featuredmedia":[{"embeddable":true,"href":"https:\/\/hirekegyhelyen.live\/napihirek\/wp-json\/wp\/v2\/media\/5500"}],"wp:attachment":[{"href":"https:\/\/hirekegyhelyen.live\/napihirek\/wp-json\/wp\/v2\/media?parent=5499"}],"wp:term":[{"taxonomy":"category","embeddable":true,"href":"https:\/\/hirekegyhelyen.live\/napihirek\/wp-json\/wp\/v2\/categories?post=5499"},{"taxonomy":"post_tag","embeddable":true,"href":"https:\/\/hirekegyhelyen.live\/napihirek\/wp-json\/wp\/v2\/tags?post=5499"}],"curies":[{"name":"wp","href":"https:\/\/api.w.org\/{rel}","templated":true}]}}