{"id":5505,"date":"2026-04-30T20:09:17","date_gmt":"2026-04-30T18:09:17","guid":{"rendered":"https:\/\/hirekegyhelyen.live\/napihirek\/?p=5505"},"modified":"2026-04-30T20:09:17","modified_gmt":"2026-04-30T18:09:17","slug":"idoskori-porckopas-tunetei-es-okai","status":"publish","type":"post","link":"https:\/\/hirekegyhelyen.live\/napihirek\/idoskori-porckopas-tunetei-es-okai\/","title":{"rendered":"Id\u0151skori porckop\u00e1s t\u00fcnetei \u00e9s okai"},"content":{"rendered":"<h3>Az artr\u00f3zis l\u00e9nyege az \u00edz\u00fcletek v\u00e9geit bor\u00edt\u00f3 porcok k\u00e1rosod\u00e1sa. El\u0151sz\u00f6r elv\u00e9konyodik, azt\u00e1n a sima felsz\u00edne berepedezik, v\u00e9g\u00fcl a teljes porc\u00e1llom\u00e1ny \u00f6sszet\u00f6redezik, majd felsz\u00edv\u00f3dik. A porc elt\u0171n\u00e9s\u00e9vel az \u00edz\u00fcleti v\u00e9gek csontjai k\u00f6zvetlen\u00fcl \u00e9rintkeznek egym\u00e1ssal, ami a csontfelsz\u00ednek d\u00f6rzs\u00f6l\u0151d\u00e9s\u00e9hez, ez\u00e1ltal k\u00fcl\u00f6nb\u00f6z\u0151 t\u00fcnetek megjelen\u00e9s\u00e9hez vezet. \u00c1ltal\u00e1ban az al\u00e1bbi t\u00fcnetek jelentkez\u00e9s\u00e9vel kell sz\u00e1molni: \u00cdz\u00fcleti f\u00e1jdalom &#8211; kezdetben els\u0151sorban hosszabb terhel\u00e9st k\u00f6vet\u0151en jelentkezik, el\u0151rehaladott esetben kisebb terhel\u00e9sre is \u00e1lland\u00f3sul.<br \/>\n\u00cdz\u00fcleti merevs\u00e9g &#8211; k\u00fcl\u00f6n\u00f6sen hosszabb inaktivit\u00e1st k\u00f6vet\u0151en, p\u00e9ld\u00e1ul reggeli \u00e9bred\u00e9s ut\u00e1n jelentkezik az \u00edz\u00fcleti merevs\u00e9g, majd kb. 30 perc m\u00falva a mozgat\u00e1s hat\u00e1s\u00e1ra enyh\u00fcl. \u00cdz\u00fcleti f\u00e1jdalom az id\u0151j\u00e1r\u00e1s v\u00e1ltoz\u00e1sakor. \u00cdz\u00fcleti duzzad\u00e1s nem minden esetben jelentkezik, els\u0151sorban a hosszabb ideig tart\u00f3 megterhel\u00e9s ut\u00e1n l\u00e9phet fel. MUTATJUK A R\u00c9SZLETEKET!<\/h3>\n<h3><span style=\"color: #ff0000;\"><strong>A h\u00edr nem \u00e9rt v\u00e9get! Folytat\u00e1shoz haszn\u00e1ld a K\u00d6VETKEZ\u0150 OLDAL gombot!<\/strong><\/span><\/h3>\n<h3 style=\"text-align: right;\"><a href=\"https:\/\/hirekegyhelyen.live\/24infok\/?p=5507\" target=\"_blank\" rel=\"noopener\"><span style=\"color: #ff0000;\">&#8212;&gt;&gt; K\u00d6VETKEZ\u0150 OLDAL<\/span><\/a><\/h3>\n<p>&#8211;<\/p>\n<p>Ellent\u00e9tben n\u00e9h\u00e1ny csal\u00e1di elektromos aut\u00f3val, a Kia EV6 kifejezetten \u00e9lvezetes vezet\u00e9si \u00e9lm\u00e9nyt ny\u00fajt kanyarg\u00f3s utakon. S\u0151t, b\u00e1tran kijelenthet\u0151, hogy az egyik legsz\u00f3rakoztat\u00f3bb villanyaut\u00f3, amit valaha vezett\u00fcnk. M\u00e1r az els\u0151 n\u00e9h\u00e1ny kilom\u00e9ter ut\u00e1n felt\u0171nik, hogy nem csup\u00e1n egy praktikus k\u00f6zleked\u00e9si eszk\u00f6zr\u0151l van sz\u00f3, hanem egy olyan j\u00e1rm\u0171r\u0151l, amely k\u00e9pes val\u00f3di vezet\u00e9si \u00e9lm\u00e9nyt adni, m\u00e9g akkor is, ha els\u0151dlegesen csal\u00e1di haszn\u00e1latra tervezt\u00e9k.<\/p>\n<p>Ha a vezet\u00e9si m\u00f3dot Norm\u00e1l \u00e1ll\u00e1sban hagyjuk, az EV6 rendk\u00edv\u00fcl j\u00f3l reag\u00e1l a vezet\u0151 utas\u00edt\u00e1saira. Ez k\u00fcl\u00f6n\u00f6sen fontos, mert a Sport m\u00f3d a mindennapi haszn\u00e1lat sor\u00e1n sokak sz\u00e1m\u00e1ra t\u00falzottan ideges, t\u00falp\u00f6rg\u00f6tt karaktert ad az aut\u00f3nak. A gyorsul\u00e1s azonnal agressz\u00edvebb\u00e9 v\u00e1lik, a g\u00e1zreakci\u00f3k ki\u00e9lezettebbek, a korm\u00e1nyz\u00e1s k\u00f6zvetlenebb, ami els\u0151re izgalmasnak t\u0171nik, de hosszabb t\u00e1von vagy v\u00e1rosi forgalomban ink\u00e1bb f\u00e1raszt\u00f3 lehet. Mivel az EV6 t\u00f6mege a k\u00e9tmotoros v\u00e1ltozat eset\u00e9ben ak\u00e1r a 2165 kilogrammot is el\u00e9rheti \u2013 m\u00edg az egymotoros kivitel k\u00f6r\u00fclbel\u00fcl 2090 kilogramm, ami nagyj\u00e1b\u00f3l 120 kilogrammal t\u00f6bb, mint a friss\u00edt\u00e9s el\u0151tti v\u00e1ltozat\u00e9 \u2013, ez a fajta t\u00falzott \u00e9rz\u00e9kenys\u00e9g kiss\u00e9 ar\u00e1nytalann\u00e1 teszi az aut\u00f3 viselked\u00e9s\u00e9t. K\u00fcl\u00f6n\u00f6sen igaz ez sz\u0171k, kanyarg\u00f3s mell\u00e9kutakon, ahol a t\u00fal heves reakci\u00f3k miatt az aut\u00f3 hajlamos lehet kiss\u00e9 kapkod\u00f3nak, t\u00falizgatottnak \u00e9rz\u0151dni.<\/p>\n<p>Ez a tulajdons\u00e1g jelent\u0151sen n\u00f6veli a vezet\u00e9si \u00e9lm\u00e9nyt, \u00e9s kiemeli az EV6-ot a kateg\u00f3ria sz\u00e1mos m\u00e1s modellje k\u00f6z\u00fcl.<\/p>\n<p>A hajt\u00e1sl\u00e1nc hat\u00e9konys\u00e1ga szint\u00e9n javult a kor\u00e1bbi verzi\u00f3khoz k\u00e9pest, ami azt jelenti, hogy az EV6 \u00fczemeltet\u00e9se tov\u00e1bbra is viszonylag kedvez\u0151 k\u00f6lts\u00e9gekkel j\u00e1r. Az elektromos aut\u00f3k egyik nagy el\u0151nye a bels\u0151 \u00e9g\u00e9s\u0171 motorral szerelt j\u00e1rm\u0171vekkel szemben az alacsonyabb fenntart\u00e1si k\u00f6lts\u00e9g, \u00e9s ez itt is \u00e9rv\u00e9nyes\u00fcl. A t\u00f6lt\u00e9si sebess\u00e9g k\u00fcl\u00f6n\u00f6sen figyelemre m\u00e9lt\u00f3: megfelel\u0151 t\u00f6lt\u0151h\u00e1l\u00f3zat mellett az EV6 gyorsan \u00fajrat\u00f6lthet\u0151, ami hosszabb utaz\u00e1sok sor\u00e1n is praktikus megold\u00e1st jelent. Ez cs\u00f6kkenti az \u00fagynevezett \u201ehat\u00f3t\u00e1vszorong\u00e1st\u201d, \u00e9s lehet\u0151v\u00e9 teszi, hogy az aut\u00f3t ne csak v\u00e1rosi k\u00f6zleked\u00e9sre, hanem orsz\u00e1g\u00fati utakra is k\u00e9nyelmesen haszn\u00e1ljuk.<\/p>\n","protected":false},"excerpt":{"rendered":"<p>Az artr\u00f3zis l\u00e9nyege az \u00edz\u00fcletek v\u00e9geit bor\u00edt\u00f3 porcok k\u00e1rosod\u00e1sa. El\u0151sz\u00f6r elv\u00e9konyodik, azt\u00e1n a sima felsz\u00edne berepedezik, v\u00e9g\u00fcl a teljes porc\u00e1llom\u00e1ny&#8230; <span class=\"gridview-grid-post-read-more\"><a href=\"https:\/\/hirekegyhelyen.live\/napihirek\/idoskori-porckopas-tunetei-es-okai\/\">read more<span class=\"gridview-sr-only\"> Id\u0151skori porckop\u00e1s t\u00fcnetei \u00e9s okai<\/span><\/a><\/span><\/p>\n","protected":false},"author":1,"featured_media":5506,"comment_status":"open","ping_status":"open","sticky":false,"template":"","format":"standard","meta":{"footnotes":""},"categories":[1],"tags":[],"class_list":["post-5505","post","type-post","status-publish","format-standard","has-post-thumbnail","hentry","category-egyeb","wpcat-1-id"],"_links":{"self":[{"href":"https:\/\/hirekegyhelyen.live\/napihirek\/wp-json\/wp\/v2\/posts\/5505","targetHints":{"allow":["GET"]}}],"collection":[{"href":"https:\/\/hirekegyhelyen.live\/napihirek\/wp-json\/wp\/v2\/posts"}],"about":[{"href":"https:\/\/hirekegyhelyen.live\/napihirek\/wp-json\/wp\/v2\/types\/post"}],"author":[{"embeddable":true,"href":"https:\/\/hirekegyhelyen.live\/napihirek\/wp-json\/wp\/v2\/users\/1"}],"replies":[{"embeddable":true,"href":"https:\/\/hirekegyhelyen.live\/napihirek\/wp-json\/wp\/v2\/comments?post=5505"}],"version-history":[{"count":1,"href":"https:\/\/hirekegyhelyen.live\/napihirek\/wp-json\/wp\/v2\/posts\/5505\/revisions"}],"predecessor-version":[{"id":5507,"href":"https:\/\/hirekegyhelyen.live\/napihirek\/wp-json\/wp\/v2\/posts\/5505\/revisions\/5507"}],"wp:featuredmedia":[{"embeddable":true,"href":"https:\/\/hirekegyhelyen.live\/napihirek\/wp-json\/wp\/v2\/media\/5506"}],"wp:attachment":[{"href":"https:\/\/hirekegyhelyen.live\/napihirek\/wp-json\/wp\/v2\/media?parent=5505"}],"wp:term":[{"taxonomy":"category","embeddable":true,"href":"https:\/\/hirekegyhelyen.live\/napihirek\/wp-json\/wp\/v2\/categories?post=5505"},{"taxonomy":"post_tag","embeddable":true,"href":"https:\/\/hirekegyhelyen.live\/napihirek\/wp-json\/wp\/v2\/tags?post=5505"}],"curies":[{"name":"wp","href":"https:\/\/api.w.org\/{rel}","templated":true}]}}