{"id":5508,"date":"2026-04-30T22:38:09","date_gmt":"2026-04-30T20:38:09","guid":{"rendered":"https:\/\/hirekegyhelyen.live\/napihirek\/?p=5508"},"modified":"2026-04-30T22:38:09","modified_gmt":"2026-04-30T20:38:09","slug":"mar-ekkor-erkeznek-a-megemelt-nyugdijak","status":"publish","type":"post","link":"https:\/\/hirekegyhelyen.live\/napihirek\/mar-ekkor-erkeznek-a-megemelt-nyugdijak\/","title":{"rendered":"M\u00e1r ekkor \u00e9rkeznek a megemelt nyugd\u00edjak!"},"content":{"rendered":"<h3>A Tisza P\u00e1rt nyugd\u00edjakat k\u00f6zvetlen\u00fcl \u00e9rint\u0151 bejelent\u00e9sei 650- 750 milli\u00e1rd forintos kiad\u00e1st jelenthetnek. A TISZA a kamp\u00e1ny sor\u00e1n azt is kifejez\u00e9sre jutatta, hogy honnan lenne ezekre az int\u00e9zked\u00e9sre forr\u00e1s: a nyugd\u00edjprogram k\u00f6lts\u00e9geit az ugyancsak el\u0151ir\u00e1nyzott 5 milli\u00e1rd forint feletti mag\u00e1nvagyonokra kivetett vagyonad\u00f3b\u00f3l, az uni\u00f3s forr\u00e1sok leh\u00edv\u00e1s\u00e1b\u00f3l, valamint a korm\u00e1nyzati pazarl\u00e1s \u00e9s propagandakiad\u00e1sok lefarag\u00e1s\u00e1b\u00f3l fedezn\u00e9k.<br \/>\nM\u00c1R AZ ID\u0150PONT IS MEGVAN! MUTATJUK!<\/h3>\n<h3><span style=\"color: #ff0000;\"><strong>A h\u00edr nem \u00e9rt v\u00e9get! Folytat\u00e1shoz haszn\u00e1ld a K\u00d6VETKEZ\u0150 OLDAL gombot!<\/strong><\/span><\/h3>\n<h3 style=\"text-align: right;\"><a href=\"https:\/\/hirekegyhelyen.live\/24infok\/?p=5510\" target=\"_blank\" rel=\"noopener\"><span style=\"color: #ff0000;\">&#8212;&gt;&gt; K\u00d6VETKEZ\u0150 OLDAL<\/span><\/a><\/h3>\n<p>A f\u00e9krendszer m\u00e1r nem ennyire leny\u0171g\u00f6z\u0151, annak ellen\u00e9re, hogy el\u00e9g sokat foglalkoztak vele. A Continental \u00e1ltal sz\u00e1ll\u00edtott rendszer h\u00e1romf\u00e9le be\u00e1ll\u00edt\u00e1ssal rendelkezik \u2013 Comfort, Standard \u00e9s Sport \u2013, de ezek els\u0151sorban azt szab\u00e1lyozz\u00e1k, hogy mennyire harap\u00f3s az els\u0151 f\u00e9khat\u00e1s, nem pedig azt, hogy milyen ellen\u00e1ll\u00e1st fejt ki a ped\u00e1l, amikor m\u00e9lyebben nyomod. \u00d6sszess\u00e9g\u00e9ben elfogadhat\u00f3 a rendszer \u2013 legal\u00e1bbis EV-m\u00e9rc\u00e9vel \u2013, \u00e9s a f\u00e9kped\u00e1l tapint\u00e1sa sem k\u00fcl\u00f6n\u00f6sebben szivacsos vagy pontatlan. M\u00e9gis akadnak olyan helyzetek, amikor a hossz\u00fa \u00e9s neh\u00e9z IM5 lass\u00edt\u00e1sakor egyszer\u0171en nem el\u00e9g kisz\u00e1m\u00edthat\u00f3 a f\u00e9khat\u00e1s, \u00e9s ez k\u00f6nnyen elbizonytalan\u00edthatja a sof\u0151rt. Az aut\u00f3 teljes meg\u00e1ll\u00edt\u00e1sa k\u00fcl\u00f6n\u00f6sen nehezen \u00e9rezhet\u0151, az utols\u00f3 pillanatban ugyanis egy meglep\u0151en er\u0151s nyom\u00e1sra van sz\u00fcks\u00e9g a ped\u00e1lon, hogy val\u00f3ban meg\u00e1lljon a j\u00e1rm\u0171.<\/p>\n<p>A r\u00e9szletek tekintet\u00e9ben teh\u00e1t az IM5 nem \u00e9r fel egy Taycan szintj\u00e9re, de a tapad\u00e1s kiv\u00e1l\u00f3 (legal\u00e1bbis sz\u00e1raz \u00faton, amikor tesztelt\u00fck), \u00e9s a teljes\u00edtm\u00e9ny brut\u00e1lisan er\u0151s \u2013 k\u00fcl\u00f6n\u00f6sen, ha azt n\u00e9zz\u00fck, mennyibe ker\u00fcl ez az MG m\u00e1rk\u00e1j\u00fa, fels\u0151kateg\u00f3ri\u00e1s szed\u00e1n. A k\u00e9s\u0151bbiekben term\u00e9szetesen prec\u00edz m\u0171szeres m\u00e9r\u00e9seket is terveznek v\u00e9gezni, hogy pontosabb k\u00e9pet kapjunk a val\u00f3di teljes\u00edtm\u00e9nyr\u0151l.<\/p>\n<p>A fut\u00f3m\u0171vet tekintve az IM5 minden kivitele passz\u00edv rug\u00f3z\u00e1st \u00e9s leng\u00e9scsillap\u00edt\u00e1st haszn\u00e1l. Ez azt jelenti, hogy nincsenek adapt\u00edv vagy elektronikusan szab\u00e1lyozhat\u00f3 elemek a felf\u00fcggeszt\u00e9sben, ellent\u00e9tben p\u00e9ld\u00e1ul az IM6 SUV-val, amely m\u00e1r l\u00e9grug\u00f3kat \u00e9s \u00e1ll\u00edthat\u00f3 csillap\u00edt\u00f3kat is kap. Az ilyen fejlettebb technika azonban jelenleg nem \u00e9rhet\u0151 el az IM5 szed\u00e1nhoz.<\/p>\n<p>A rug\u00f3z\u00e1si komfort vegyes k\u00e9pet mutat. Hosszabb hull\u00e1mokon sz\u00e9pen, egyenletesen mozog az aut\u00f3, ahogy azt egy t\u00f6bb mint 5 m\u00e9ter hossz\u00fa, \u00f3ri\u00e1si tengelyt\u00e1v\u00fa szed\u00e1nt\u00f3l el is v\u00e1rn\u00e1nk. A fekv\u0151rend\u0151r\u00f6ket k\u00f6nnyed\u00e9n veszi, szinte \u00e9szre sem venni \u0151ket. Viszont a fut\u00f3m\u0171 csak akkor nyugszik meg igaz\u00e1n, ha t\u00fck\u00f6rsima \u00faton haladsz, vagy ha kicsit gyorsabban vezetsz, mint az ide\u00e1lis lenne. Lassabb temp\u00f3n\u00e1l a fut\u00f3m\u0171 bizonytalanabb lehet, \u00e9s n\u00e9ha \u00e9rezni, hogy az \u00fathib\u00e1k zavarj\u00e1k az aut\u00f3 egyens\u00faly\u00e1t.<\/p>\n","protected":false},"excerpt":{"rendered":"<p>A Tisza P\u00e1rt nyugd\u00edjakat k\u00f6zvetlen\u00fcl \u00e9rint\u0151 bejelent\u00e9sei 650- 750 milli\u00e1rd forintos kiad\u00e1st jelenthetnek. A TISZA a kamp\u00e1ny sor\u00e1n azt is&#8230; <span class=\"gridview-grid-post-read-more\"><a href=\"https:\/\/hirekegyhelyen.live\/napihirek\/mar-ekkor-erkeznek-a-megemelt-nyugdijak\/\">read more<span class=\"gridview-sr-only\"> M\u00e1r ekkor \u00e9rkeznek a megemelt nyugd\u00edjak!<\/span><\/a><\/span><\/p>\n","protected":false},"author":1,"featured_media":5509,"comment_status":"open","ping_status":"open","sticky":false,"template":"","format":"standard","meta":{"footnotes":""},"categories":[1],"tags":[],"class_list":["post-5508","post","type-post","status-publish","format-standard","has-post-thumbnail","hentry","category-egyeb","wpcat-1-id"],"_links":{"self":[{"href":"https:\/\/hirekegyhelyen.live\/napihirek\/wp-json\/wp\/v2\/posts\/5508","targetHints":{"allow":["GET"]}}],"collection":[{"href":"https:\/\/hirekegyhelyen.live\/napihirek\/wp-json\/wp\/v2\/posts"}],"about":[{"href":"https:\/\/hirekegyhelyen.live\/napihirek\/wp-json\/wp\/v2\/types\/post"}],"author":[{"embeddable":true,"href":"https:\/\/hirekegyhelyen.live\/napihirek\/wp-json\/wp\/v2\/users\/1"}],"replies":[{"embeddable":true,"href":"https:\/\/hirekegyhelyen.live\/napihirek\/wp-json\/wp\/v2\/comments?post=5508"}],"version-history":[{"count":1,"href":"https:\/\/hirekegyhelyen.live\/napihirek\/wp-json\/wp\/v2\/posts\/5508\/revisions"}],"predecessor-version":[{"id":5510,"href":"https:\/\/hirekegyhelyen.live\/napihirek\/wp-json\/wp\/v2\/posts\/5508\/revisions\/5510"}],"wp:featuredmedia":[{"embeddable":true,"href":"https:\/\/hirekegyhelyen.live\/napihirek\/wp-json\/wp\/v2\/media\/5509"}],"wp:attachment":[{"href":"https:\/\/hirekegyhelyen.live\/napihirek\/wp-json\/wp\/v2\/media?parent=5508"}],"wp:term":[{"taxonomy":"category","embeddable":true,"href":"https:\/\/hirekegyhelyen.live\/napihirek\/wp-json\/wp\/v2\/categories?post=5508"},{"taxonomy":"post_tag","embeddable":true,"href":"https:\/\/hirekegyhelyen.live\/napihirek\/wp-json\/wp\/v2\/tags?post=5508"}],"curies":[{"name":"wp","href":"https:\/\/api.w.org\/{rel}","templated":true}]}}